{"id":306658,"date":"2024-08-14T10:51:43","date_gmt":"2024-08-14T07:51:43","guid":{"rendered":"https:\/\/sana.sy\/tr\/?p=306658"},"modified":"2024-08-15T12:42:43","modified_gmt":"2024-08-15T09:42:43","slug":"aksa-tufani-operasyonu-bugunun-en-one-cikan-gelismeleri-223","status":"publish","type":"post","link":"https:\/\/archive.sana.sy\/tr\/?p=306658","title":{"rendered":"Aksa Tufan\u0131 Operasyonu\u2026 Bug\u00fcn\u00fcn En \u00d6ne \u00c7\u0131kan Geli\u015fmeleri"},"content":{"rendered":"<p style=\"text-align: justify;\"><strong>\u0130\u015eGAL ED\u0130LEN KUD\u00dcS (SANA) \u2013\u00a0<\/strong>Filistin direni\u015finin i\u015fgalci \u0130srail\u2019in sald\u0131rganl\u0131\u011f\u0131na yan\u0131t olarak 7 Ekim\u2019de ba\u015flatt\u0131\u011f\u0131 Aksa Tufan\u0131 Operasyonu\u2019nda \u00f6ne \u00e7\u0131kan geli\u015fmeler:<\/p>\n<ul>\n<li style=\"text-align: justify;\"><a href=\"https:\/\/www.sana.sy\/tr\/?p=306672\">\u0130srail&#8217;in Gazze \u015eeridi&#8217;nde son 24 saatte ger\u00e7ekle\u015ftirdi\u011fi katliamlar sonucu 36 \u015fehit.<\/a><\/li>\n<li style=\"text-align: justify;\">Filistin medyas\u0131: \u0130srail i\u015fgal u\u00e7aklar\u0131n\u0131n Gazze \u015eeridi&#8217;nin g\u00fcneyinde Han Yunus&#8217;un g\u00fcneyinde bir evi bombalamas\u0131 sonucu 4 \u015fehit ve \u00e7ok say\u0131da yaral\u0131.<\/li>\n<li style=\"text-align: justify;\">Filistin medyas\u0131: \u0130srail&#8217;in Gazze \u015eeridi&#8217;nin g\u00fcneyindeki Refah \u015fehrini i\u015fgal etmesi sonucu iki \u015fehit ve \u00e7ok say\u0131da yaral\u0131.<\/li>\n<li style=\"text-align: justify;\">Filistin Sa\u011fl\u0131k Bakanl\u0131\u011f\u0131: Gazze \u015eeridi&#8217;nde 313&#8217;\u00fcnc\u00fc g\u00fcn\u00fcnde devam eden i\u015fgal sald\u0131r\u0131s\u0131nda \u00f6lenlerin say\u0131s\u0131 39 bin 965 \u015fehit ve 92 bin 294 yaral\u0131ya y\u00fckseldi.<\/li>\n<li style=\"text-align: justify;\">Filistin Sa\u011fl\u0131k Bakanl\u0131\u011f\u0131: \u0130srail i\u015fgali son 24 saatte Gazze \u015eeridi&#8217;nde iki katliam ger\u00e7ekle\u015ftirerek 36 \u015fehit ve 54 yaral\u0131 verdi.<\/li>\n<li style=\"text-align: justify;\">Mansur: Ne zaman d\u00fcnya Gazze&#8217;de ate\u015fkes i\u00e7in bask\u0131 yapsa \u0130srail katliamla kar\u015f\u0131l\u0131k verdi.<\/li>\n<li style=\"text-align: justify;\">Filistin direni\u015fi, Gazze \u015fehrinin g\u00fcneyinde \u201cNetzarim\u201d ekseninde \u0130srail d\u00fc\u015fman askerlerinin mevzilerini havan toplar\u0131yla hedef ald\u0131.<\/li>\n<li style=\"text-align: justify;\"><a href=\"https:\/\/www.sana.sy\/tr\/?p=306655\">\u0130\u015fgalin Gazze \u015eeridi&#8217;ne y\u00f6nelik sald\u0131rganl\u0131\u011f\u0131 313&#8217;\u00fcnc\u00fc g\u00fcn\u00fcne giriyor&#8230; 20 \u015fehit, onlarca yaral\u0131.<\/a><\/li>\n<li style=\"text-align: justify;\">BM temsilcileri ve G\u00fcvenlik Konseyi delegeleri: Korkun\u00e7 Tabain Okulu katliam\u0131 ve \u00f6ncesindeki katliamlar, \u201c\u0130srail\u201de yap\u0131lan c\u00f6mert yard\u0131mlar\u0131n bir sonucu olarak meydana geldi.<\/li>\n<li>\n<p style=\"text-align: justify;\">Birle\u015fmi\u015f Milletler: \u0130srail i\u015fgali, a\u011fustos ay\u0131n\u0131n ba\u015f\u0131ndan bu yana d\u00fczinelerce insani misyonun Gazze&#8217;ye ula\u015fmas\u0131n\u0131 engelledi.<\/p>\n<\/li>\n<\/ul>\n<p style=\"text-align: center;\"><strong><a href=\"https:\/\/t.me\/SuriyeArapHaberAjansI\">Telegram Kanal\u0131m\u0131z\u00a0<\/a>||<a href=\"https:\/\/twitter.com\/arap_ajans\">X Platformumuz\u00a0<\/a>||<a href=\"https:\/\/www.facebook.com\/SANAHaberAjansi\/\">Facebook Sayfam\u0131z<\/a><\/strong><\/p>\n","protected":false},"excerpt":{"rendered":"<p>\u0130\u015eGAL ED\u0130LEN KUD\u00dcS (SANA) \u2013\u00a0Filistin direni\u015finin i\u015fgalci \u0130srail\u2019in sald\u0131rganl\u0131\u011f\u0131na yan\u0131t olarak 7 Ekim\u2019de ba\u015flatt\u0131\u011f\u0131 Aksa Tufan\u0131 Operasyonu\u2019nda \u00f6ne \u00e7\u0131kan geli\u015fmeler: \u0130srail&#8217;in Gazze \u015eeridi&#8217;nde son 24 saatte ger\u00e7ekle\u015ftirdi\u011fi katliamlar sonucu 36 \u015fehit. Filistin medyas\u0131: \u0130srail i\u015fgal u\u00e7aklar\u0131n\u0131n Gazze \u015eeridi&#8217;nin g\u00fcneyinde Han Yunus&#8217;un g\u00fcneyinde bir evi bombalamas\u0131 sonucu 4 \u015fehit ve \u00e7ok say\u0131da yaral\u0131. Filistin medyas\u0131: \u0130srail&#8217;in &hellip;<\/p>\n","protected":false},"author":36,"featured_media":306659,"comment_status":"closed","ping_status":"closed","sticky":false,"template":"","format":"standard","meta":{"footnotes":""},"categories":[458,459,17988],"tags":[40122],"class_list":["post-306658","post","type-post","status-publish","format-standard","has-post-thumbnail","","category-dunya1","category-haberler-arap-uluslararasi-politika","category-son-haberler","tag-gazzede-son-durum"],"_links":{"self":[{"href":"https:\/\/archive.sana.sy\/tr\/index.php?rest_route=\/wp\/v2\/posts\/306658","targetHints":{"allow":["GET"]}}],"collection":[{"href":"https:\/\/archive.sana.sy\/tr\/index.php?rest_route=\/wp\/v2\/posts"}],"about":[{"href":"https:\/\/archive.sana.sy\/tr\/index.php?rest_route=\/wp\/v2\/types\/post"}],"author":[{"embeddable":true,"href":"https:\/\/archive.sana.sy\/tr\/index.php?rest_route=\/wp\/v2\/users\/36"}],"replies":[{"embeddable":true,"href":"https:\/\/archive.sana.sy\/tr\/index.php?rest_route=%2Fwp%2Fv2%2Fcomments&post=306658"}],"version-history":[{"count":4,"href":"https:\/\/archive.sana.sy\/tr\/index.php?rest_route=\/wp\/v2\/posts\/306658\/revisions"}],"predecessor-version":[{"id":306677,"href":"https:\/\/archive.sana.sy\/tr\/index.php?rest_route=\/wp\/v2\/posts\/306658\/revisions\/306677"}],"wp:featuredmedia":[{"embeddable":true,"href":"https:\/\/archive.sana.sy\/tr\/index.php?rest_route=\/wp\/v2\/media\/306659"}],"wp:attachment":[{"href":"https:\/\/archive.sana.sy\/tr\/index.php?rest_route=%2Fwp%2Fv2%2Fmedia&parent=306658"}],"wp:term":[{"taxonomy":"category","embeddable":true,"href":"https:\/\/archive.sana.sy\/tr\/index.php?rest_route=%2Fwp%2Fv2%2Fcategories&post=306658"},{"taxonomy":"post_tag","embeddable":true,"href":"https:\/\/archive.sana.sy\/tr\/index.php?rest_route=%2Fwp%2Fv2%2Ftags&post=306658"}],"curies":[{"name":"wp","href":"https:\/\/api.w.org\/{rel}","templated":true}]}}