{"id":306661,"date":"2024-08-14T12:43:35","date_gmt":"2024-08-14T09:43:35","guid":{"rendered":"https:\/\/sana.sy\/tr\/?p=306661"},"modified":"2024-08-15T13:11:49","modified_gmt":"2024-08-15T10:11:49","slug":"332-milyon-suriye-lirasi-maliyetle-suveydede-yeni-elektrik-donusum-merkezi-hizmete-girdi","status":"publish","type":"post","link":"https:\/\/archive.sana.sy\/tr\/?p=306661","title":{"rendered":"332 Milyon Suriye Liras\u0131 Maliyetle&#8230; S\u00fcveyde&#8217;de Yeni Elektrik D\u00f6n\u00fc\u015f\u00fcm Merkezi Hizmete Girdi"},"content":{"rendered":"<p style=\"text-align: justify;\"><strong>S\u00dcVEYDA (SANA) \u2013 <\/strong>\u015eirketin ara\u015ft\u0131rma ve in\u015faat m\u00fcd\u00fcr\u00fc Mahlufa Mahluf&#8217;a g\u00f6re, S\u00fcveyda Genel Elektrik \u015eirketi bug\u00fcn yakla\u015f\u0131k 332 milyon Suriye liras\u0131 maliyetle yeni bir yer elektrik d\u00f6n\u00fc\u015f\u00fcm merkezini hizmete koydu.<\/p>\n<p style=\"text-align: justify;\"><img loading=\"lazy\" decoding=\"async\" class=\"size-medium wp-image-306666 alignright\" src=\"http:\/\/sana.sy\/tr\/wp-content\/uploads\/2024\/08\/3-4-300x198.jpg\" alt=\"\" width=\"300\" height=\"198\" srcset=\"https:\/\/archive.sana.sy\/tr\/wp-content\/uploads\/2024\/08\/3-4-300x198.jpg 300w, https:\/\/archive.sana.sy\/tr\/wp-content\/uploads\/2024\/08\/3-4-310x205.jpg 310w, https:\/\/archive.sana.sy\/tr\/wp-content\/uploads\/2024\/08\/3-4.jpg 660w\" sizes=\"auto, (max-width: 300px) 100vw, 300px\" \/>Mahluf SANA muhabirine yapt\u0131\u011f\u0131 a\u00e7\u0131klamada, S\u00fcveyda \u015fehrinde bulunan bu merkezin 630 kilovolt amper kapasiteye sahip oldu\u011funu ve di\u011fer iletim merkezleri \u00fczerindeki y\u00fcklerin azalt\u0131lmas\u0131na katk\u0131 sa\u011flad\u0131\u011f\u0131n\u0131 belirtti.<\/p>\n<p style=\"text-align: justify;\">Mahluf ayr\u0131ca, b\u00f6lgedeki evlerin ihtiyac\u0131n\u0131 kar\u015f\u0131lamak \u00fczere al\u00e7ak gerilim hatlar\u0131na ba\u011flanmak i\u00e7in merkezden 6 prizin \u00e7\u0131kt\u0131\u011f\u0131n\u0131 kaydetti.<\/p>\n<p style=\"text-align: justify;\"><strong><a href=\"https:\/\/t.me\/SuriyeArapHaberAjansI\">Telegram Kanal\u0131m\u0131z\u00a0<\/a>||<a href=\"https:\/\/twitter.com\/arap_ajans\">X Platformumuz\u00a0<\/a>||<a href=\"https:\/\/www.facebook.com\/SANAHaberAjansi\/\">Facebook Sayfam\u0131z<\/a><\/strong><\/p>\n<div id='gallery-1' class='gallery galleryid-306661 gallery-columns-2 gallery-size-full'><figure class='gallery-item'>\n\t\t\t<div class='gallery-icon landscape'>\n\t\t\t\t<a href='https:\/\/archive.sana.sy\/tr\/wp-content\/uploads\/2024\/08\/photo_2024-08-14_09-40-55.jpg'><img loading=\"lazy\" decoding=\"async\" width=\"660\" height=\"418\" src=\"https:\/\/archive.sana.sy\/tr\/wp-content\/uploads\/2024\/08\/photo_2024-08-14_09-40-55.jpg\" class=\"attachment-full size-full\" alt=\"\" srcset=\"https:\/\/archive.sana.sy\/tr\/wp-content\/uploads\/2024\/08\/photo_2024-08-14_09-40-55.jpg 660w, https:\/\/archive.sana.sy\/tr\/wp-content\/uploads\/2024\/08\/photo_2024-08-14_09-40-55-300x190.jpg 300w\" sizes=\"auto, (max-width: 660px) 100vw, 660px\" \/><\/a>\n\t\t\t<\/div><\/figure><figure class='gallery-item'>\n\t\t\t<div class='gallery-icon landscape'>\n\t\t\t\t<a href='https:\/\/archive.sana.sy\/tr\/wp-content\/uploads\/2024\/08\/photo_2024-08-14_09-40-58.jpg'><img loading=\"lazy\" decoding=\"async\" width=\"660\" height=\"435\" src=\"https:\/\/archive.sana.sy\/tr\/wp-content\/uploads\/2024\/08\/photo_2024-08-14_09-40-58.jpg\" class=\"attachment-full size-full\" alt=\"\" srcset=\"https:\/\/archive.sana.sy\/tr\/wp-content\/uploads\/2024\/08\/photo_2024-08-14_09-40-58.jpg 660w, https:\/\/archive.sana.sy\/tr\/wp-content\/uploads\/2024\/08\/photo_2024-08-14_09-40-58-300x198.jpg 300w, https:\/\/archive.sana.sy\/tr\/wp-content\/uploads\/2024\/08\/photo_2024-08-14_09-40-58-310x205.jpg 310w\" sizes=\"auto, (max-width: 660px) 100vw, 660px\" \/><\/a>\n\t\t\t<\/div><\/figure>\n\t\t<\/div>\n\n","protected":false},"excerpt":{"rendered":"<p>S\u00dcVEYDA (SANA) \u2013 \u015eirketin ara\u015ft\u0131rma ve in\u015faat m\u00fcd\u00fcr\u00fc Mahlufa Mahluf&#8217;a g\u00f6re, S\u00fcveyda Genel Elektrik \u015eirketi bug\u00fcn yakla\u015f\u0131k 332 milyon Suriye liras\u0131 maliyetle yeni bir yer elektrik d\u00f6n\u00fc\u015f\u00fcm merkezini hizmete koydu. Mahluf SANA muhabirine yapt\u0131\u011f\u0131 a\u00e7\u0131klamada, S\u00fcveyda \u015fehrinde bulunan bu merkezin 630 kilovolt amper kapasiteye sahip oldu\u011funu ve di\u011fer iletim merkezleri \u00fczerindeki y\u00fcklerin azalt\u0131lmas\u0131na katk\u0131 sa\u011flad\u0131\u011f\u0131n\u0131 &hellip;<\/p>\n","protected":false},"author":36,"featured_media":306665,"comment_status":"closed","ping_status":"closed","sticky":false,"template":"","format":"standard","meta":{"footnotes":""},"categories":[596,479,17988,478],"tags":[24911],"class_list":["post-306661","post","type-post","status-publish","format-standard","has-post-thumbnail","","category-fotografli-raporlar","category-haberler-yerel","category-son-haberler","category-yerel","tag-suriyede-son-gelismeler"],"_links":{"self":[{"href":"https:\/\/archive.sana.sy\/tr\/index.php?rest_route=\/wp\/v2\/posts\/306661","targetHints":{"allow":["GET"]}}],"collection":[{"href":"https:\/\/archive.sana.sy\/tr\/index.php?rest_route=\/wp\/v2\/posts"}],"about":[{"href":"https:\/\/archive.sana.sy\/tr\/index.php?rest_route=\/wp\/v2\/types\/post"}],"author":[{"embeddable":true,"href":"https:\/\/archive.sana.sy\/tr\/index.php?rest_route=\/wp\/v2\/users\/36"}],"replies":[{"embeddable":true,"href":"https:\/\/archive.sana.sy\/tr\/index.php?rest_route=%2Fwp%2Fv2%2Fcomments&post=306661"}],"version-history":[{"count":3,"href":"https:\/\/archive.sana.sy\/tr\/index.php?rest_route=\/wp\/v2\/posts\/306661\/revisions"}],"predecessor-version":[{"id":306670,"href":"https:\/\/archive.sana.sy\/tr\/index.php?rest_route=\/wp\/v2\/posts\/306661\/revisions\/306670"}],"wp:featuredmedia":[{"embeddable":true,"href":"https:\/\/archive.sana.sy\/tr\/index.php?rest_route=\/wp\/v2\/media\/306665"}],"wp:attachment":[{"href":"https:\/\/archive.sana.sy\/tr\/index.php?rest_route=%2Fwp%2Fv2%2Fmedia&parent=306661"}],"wp:term":[{"taxonomy":"category","embeddable":true,"href":"https:\/\/archive.sana.sy\/tr\/index.php?rest_route=%2Fwp%2Fv2%2Fcategories&post=306661"},{"taxonomy":"post_tag","embeddable":true,"href":"https:\/\/archive.sana.sy\/tr\/index.php?rest_route=%2Fwp%2Fv2%2Ftags&post=306661"}],"curies":[{"name":"wp","href":"https:\/\/api.w.org\/{rel}","templated":true}]}}