{"id":306678,"date":"2024-08-14T15:25:30","date_gmt":"2024-08-14T12:25:30","guid":{"rendered":"https:\/\/sana.sy\/tr\/?p=306678"},"modified":"2024-08-17T08:51:21","modified_gmt":"2024-08-17T05:51:21","slug":"mikdad-nikaraguanin-mukim-olmayan-suriye-buyukelcisinin-guven-mektubunu-teslim-aldi","status":"publish","type":"post","link":"https:\/\/archive.sana.sy\/tr\/?p=306678","title":{"rendered":"Mikdad, Nikaragua&#8217;n\u0131n Mukim Olmayan Suriye B\u00fcy\u00fckel\u00e7isinin G\u00fcven Mektubunu Teslim Ald\u0131"},"content":{"rendered":"<p style=\"text-align: justify;\"><strong>\u015eAM (SANA)<\/strong> &#8211; Bug\u00fcn, D\u0131\u015fi\u015fleri ve Gurbet\u00e7iler Bakan\u0131 Faysal Mkdad, Nikaragua&#8217;n\u0131n Suriye Arap Cumhuriyeti&#8217;ndeki Mukim Olmayan B\u00fcy\u00fckel\u00e7isi olarak Ramon Moncada Colindres&#8217;in g\u00fcven mektubunu teslim ald\u0131.<\/p>\n<p style=\"text-align: justify;\">Bakan Mikdad, B\u00fcy\u00fckel\u00e7i Moncada&#8217;y\u0131 kar\u015f\u0131lad\u0131, g\u00f6revinde ba\u015far\u0131lar diledi ve onunla iki dost \u00fclke aras\u0131ndaki i\u015fbirli\u011finin y\u00f6nlerini ele ald\u0131.<\/p>\n<p style=\"text-align: justify;\">G\u00f6r\u00fc\u015fmede iki taraf, \u00e7e\u015fitli alanlarda ikili ili\u015fkilerin g\u00fc\u00e7lendirilmesi i\u00e7in \u00e7al\u0131\u015fma yap\u0131lmas\u0131 gerekti\u011fini vurgulad\u0131.<\/p>\n<p style=\"text-align: center;\"><strong><a href=\"https:\/\/t.me\/SuriyeArapHaberAjansI\">Telegram Kanal\u0131m\u0131z\u00a0<\/a>||<a href=\"https:\/\/twitter.com\/arap_ajans\">X Platformumuz\u00a0<\/a>||<a href=\"https:\/\/www.facebook.com\/SANAHaberAjansi\/\">Facebook Sayfam\u0131z<\/a><\/strong><\/p>\n","protected":false},"excerpt":{"rendered":"<p>\u015eAM (SANA) &#8211; Bug\u00fcn, D\u0131\u015fi\u015fleri ve Gurbet\u00e7iler Bakan\u0131 Faysal Mkdad, Nikaragua&#8217;n\u0131n Suriye Arap Cumhuriyeti&#8217;ndeki Mukim Olmayan B\u00fcy\u00fckel\u00e7isi olarak Ramon Moncada Colindres&#8217;in g\u00fcven mektubunu teslim ald\u0131. Bakan Mikdad, B\u00fcy\u00fckel\u00e7i Moncada&#8217;y\u0131 kar\u015f\u0131lad\u0131, g\u00f6revinde ba\u015far\u0131lar diledi ve onunla iki dost \u00fclke aras\u0131ndaki i\u015fbirli\u011finin y\u00f6nlerini ele ald\u0131. G\u00f6r\u00fc\u015fmede iki taraf, \u00e7e\u015fitli alanlarda ikili ili\u015fkilerin g\u00fc\u00e7lendirilmesi i\u00e7in \u00e7al\u0131\u015fma yap\u0131lmas\u0131 gerekti\u011fini &hellip;<\/p>\n","protected":false},"author":41,"featured_media":306680,"comment_status":"closed","ping_status":"closed","sticky":false,"template":"","format":"standard","meta":{"footnotes":""},"categories":[479,17988,478],"tags":[42141,42140],"class_list":["post-306678","post","type-post","status-publish","format-standard","has-post-thumbnail","","category-haberler-yerel","category-son-haberler","category-yerel","tag-suriyede-son-siyasi-gelimeler","tag-suriyenin-dunyaya-acilimi"],"_links":{"self":[{"href":"https:\/\/archive.sana.sy\/tr\/index.php?rest_route=\/wp\/v2\/posts\/306678","targetHints":{"allow":["GET"]}}],"collection":[{"href":"https:\/\/archive.sana.sy\/tr\/index.php?rest_route=\/wp\/v2\/posts"}],"about":[{"href":"https:\/\/archive.sana.sy\/tr\/index.php?rest_route=\/wp\/v2\/types\/post"}],"author":[{"embeddable":true,"href":"https:\/\/archive.sana.sy\/tr\/index.php?rest_route=\/wp\/v2\/users\/41"}],"replies":[{"embeddable":true,"href":"https:\/\/archive.sana.sy\/tr\/index.php?rest_route=%2Fwp%2Fv2%2Fcomments&post=306678"}],"version-history":[{"count":3,"href":"https:\/\/archive.sana.sy\/tr\/index.php?rest_route=\/wp\/v2\/posts\/306678\/revisions"}],"predecessor-version":[{"id":306682,"href":"https:\/\/archive.sana.sy\/tr\/index.php?rest_route=\/wp\/v2\/posts\/306678\/revisions\/306682"}],"wp:featuredmedia":[{"embeddable":true,"href":"https:\/\/archive.sana.sy\/tr\/index.php?rest_route=\/wp\/v2\/media\/306680"}],"wp:attachment":[{"href":"https:\/\/archive.sana.sy\/tr\/index.php?rest_route=%2Fwp%2Fv2%2Fmedia&parent=306678"}],"wp:term":[{"taxonomy":"category","embeddable":true,"href":"https:\/\/archive.sana.sy\/tr\/index.php?rest_route=%2Fwp%2Fv2%2Fcategories&post=306678"},{"taxonomy":"post_tag","embeddable":true,"href":"https:\/\/archive.sana.sy\/tr\/index.php?rest_route=%2Fwp%2Fv2%2Ftags&post=306678"}],"curies":[{"name":"wp","href":"https:\/\/api.w.org\/{rel}","templated":true}]}}