{"id":306683,"date":"2024-08-14T14:00:07","date_gmt":"2024-08-14T11:00:07","guid":{"rendered":"https:\/\/sana.sy\/tr\/?p=306683"},"modified":"2024-08-15T13:11:57","modified_gmt":"2024-08-15T10:11:57","slug":"polyansky-abd-israil-lehine-bm-guvenlik-konseyini-rehin-aldi","status":"publish","type":"post","link":"https:\/\/archive.sana.sy\/tr\/?p=306683","title":{"rendered":"Polyansky: ABD, \u201c\u0130srail\u201d Lehine BM G\u00fcvenlik Konseyi&#8217;ni Rehin Ald\u0131"},"content":{"rendered":"<p style=\"text-align: justify;\"><strong>NEW YORK (SANA)<\/strong> &#8211;\u00a0 Rusya&#8217;n\u0131n Birle\u015fmi\u015f Milletler Temsilci Yard\u0131mc\u0131s\u0131 Dmitry Polyansky, ABD&#8217;nin Gazze \u015eeridi&#8217;nde herhangi bir ate\u015fkes hareketini engelleyerek BM G\u00fcvenlik Konseyi&#8217;ni &#8220;\u0130srail lehine rehin ald\u0131\u011f\u0131n\u0131&#8221; do\u011frulad\u0131.<\/p>\n<p style=\"text-align: justify;\">Sputnik, Polyansky&#8217;nin BM G\u00fcvenlik Konseyi&#8217;nin Gazze&#8217;deki durumla ilgili oturumunda yapt\u0131\u011f\u0131 konu\u015fmada \u015funlar\u0131 s\u00f6yledi\u011fini aktard\u0131: &#8220;G\u00fcvenlik Konseyi \u015fu ana kadar Orta Do\u011fu&#8217;da t\u0131rmanan krize son vermekte ba\u015far\u0131s\u0131z oldu ve bunun nedeni Va\u015fington&#8217;un dalkavuklu\u011fu ve \u0130srail&#8217;in \u00e7\u0131karlar\u0131n\u0131 d\u00fc\u015f\u00fcnmesidir.&#8221;<\/p>\n<p style=\"text-align: justify;\">Polyansky, G\u00fcvenlik Konseyi&#8217;nin ge\u00e7en Haziran ay\u0131nda \u015eerid&#8217;de a\u015famal\u0131 ate\u015fkes ilan etme karar\u0131n\u0131 ele\u015ftirerek, \u2018\u2019Karar\u0131n h\u00fck\u00fcmleri uygulanmad\u0131 ve ger\u00e7ek\u00fcst\u00fc ve zoraki hale gelen bu a\u015famalar\u0131n hi\u00e7biri ne yaz\u0131k ki G\u00fcvenlik Konseyi&#8217;nin onay\u0131yla ger\u00e7ekle\u015ftirilemedi&#8221; ifadelerini kulland\u0131.<\/p>\n<p style=\"text-align: justify;\">Amerika&#8217;n\u0131n o d\u00f6nemdeki bu karar\u0131, Ba\u015fkan Joe Biden&#8217;\u0131n Gazze&#8217;de \u00fc\u00e7 a\u015famal\u0131 ate\u015fkes i\u00e7in belirledi\u011fi a\u015famal\u0131 bir plan\u0131 i\u00e7eridi ve 14 \u00fclke oy kullan\u0131rken, Rusya oylamada \u00e7ekimser kalm\u0131\u015ft\u0131.<\/p>\n<p style=\"text-align: center;\"><strong><a href=\"https:\/\/t.me\/SuriyeArapHaberAjansI\">Telegram Kanal\u0131m\u0131z\u00a0<\/a>||<a href=\"https:\/\/twitter.com\/arap_ajans\">X Platformumuz\u00a0<\/a>||<a href=\"https:\/\/www.facebook.com\/SANAHaberAjansi\/\">Facebook Sayfam\u0131z<\/a><\/strong><\/p>\n","protected":false},"excerpt":{"rendered":"<p>NEW YORK (SANA) &#8211;\u00a0 Rusya&#8217;n\u0131n Birle\u015fmi\u015f Milletler Temsilci Yard\u0131mc\u0131s\u0131 Dmitry Polyansky, ABD&#8217;nin Gazze \u015eeridi&#8217;nde herhangi bir ate\u015fkes hareketini engelleyerek BM G\u00fcvenlik Konseyi&#8217;ni &#8220;\u0130srail lehine rehin ald\u0131\u011f\u0131n\u0131&#8221; do\u011frulad\u0131. Sputnik, Polyansky&#8217;nin BM G\u00fcvenlik Konseyi&#8217;nin Gazze&#8217;deki durumla ilgili oturumunda yapt\u0131\u011f\u0131 konu\u015fmada \u015funlar\u0131 s\u00f6yledi\u011fini aktard\u0131: &#8220;G\u00fcvenlik Konseyi \u015fu ana kadar Orta Do\u011fu&#8217;da t\u0131rmanan krize son vermekte ba\u015far\u0131s\u0131z oldu ve &hellip;<\/p>\n","protected":false},"author":41,"featured_media":306685,"comment_status":"closed","ping_status":"closed","sticky":false,"template":"","format":"standard","meta":{"footnotes":""},"categories":[458,459,17988],"tags":[],"class_list":["post-306683","post","type-post","status-publish","format-standard","has-post-thumbnail","","category-dunya1","category-haberler-arap-uluslararasi-politika","category-son-haberler"],"_links":{"self":[{"href":"https:\/\/archive.sana.sy\/tr\/index.php?rest_route=\/wp\/v2\/posts\/306683","targetHints":{"allow":["GET"]}}],"collection":[{"href":"https:\/\/archive.sana.sy\/tr\/index.php?rest_route=\/wp\/v2\/posts"}],"about":[{"href":"https:\/\/archive.sana.sy\/tr\/index.php?rest_route=\/wp\/v2\/types\/post"}],"author":[{"embeddable":true,"href":"https:\/\/archive.sana.sy\/tr\/index.php?rest_route=\/wp\/v2\/users\/41"}],"replies":[{"embeddable":true,"href":"https:\/\/archive.sana.sy\/tr\/index.php?rest_route=%2Fwp%2Fv2%2Fcomments&post=306683"}],"version-history":[{"count":1,"href":"https:\/\/archive.sana.sy\/tr\/index.php?rest_route=\/wp\/v2\/posts\/306683\/revisions"}],"predecessor-version":[{"id":306684,"href":"https:\/\/archive.sana.sy\/tr\/index.php?rest_route=\/wp\/v2\/posts\/306683\/revisions\/306684"}],"wp:featuredmedia":[{"embeddable":true,"href":"https:\/\/archive.sana.sy\/tr\/index.php?rest_route=\/wp\/v2\/media\/306685"}],"wp:attachment":[{"href":"https:\/\/archive.sana.sy\/tr\/index.php?rest_route=%2Fwp%2Fv2%2Fmedia&parent=306683"}],"wp:term":[{"taxonomy":"category","embeddable":true,"href":"https:\/\/archive.sana.sy\/tr\/index.php?rest_route=%2Fwp%2Fv2%2Fcategories&post=306683"},{"taxonomy":"post_tag","embeddable":true,"href":"https:\/\/archive.sana.sy\/tr\/index.php?rest_route=%2Fwp%2Fv2%2Ftags&post=306683"}],"curies":[{"name":"wp","href":"https:\/\/api.w.org\/{rel}","templated":true}]}}