{"id":306689,"date":"2024-08-14T15:59:51","date_gmt":"2024-08-14T12:59:51","guid":{"rendered":"https:\/\/sana.sy\/tr\/?p=306689"},"modified":"2024-08-15T13:12:00","modified_gmt":"2024-08-15T10:12:00","slug":"turizm-bakani-pakistan-buyukelcisiyle-suriye-ve-pakistan-arasindaki-turizm-calismalarinin-gelistirilmesini-gorustu","status":"publish","type":"post","link":"https:\/\/archive.sana.sy\/tr\/?p=306689","title":{"rendered":"Turizm Bakan\u0131, Pakistan B\u00fcy\u00fckel\u00e7isiyle Suriye Ve Pakistan Aras\u0131ndaki Turizm \u00c7al\u0131\u015fmalar\u0131n\u0131n Geli\u015ftirilmesini G\u00f6r\u00fc\u015ft\u00fc"},"content":{"rendered":"<p style=\"text-align: justify;\"><strong>\u015eAM (SANA) &#8211;<\/strong> Turizm Bakan\u0131 Muhammed Rami Martini, bug\u00fcn \u015eam&#8217;da Pakistan B\u00fcy\u00fckel\u00e7isi \u015eahid Ahter ve baz\u0131 <img loading=\"lazy\" decoding=\"async\" class=\" wp-image-306690 alignright\" src=\"http:\/\/sana.sy\/tr\/wp-content\/uploads\/2024\/08\/MHM_3463-300x200-1.jpg\" alt=\"\" width=\"242\" height=\"161\" \/>Pakistanl\u0131 turizm ofisi sahipleri ile bakanl\u0131k binas\u0131nda yapt\u0131\u011f\u0131 g\u00f6r\u00fc\u015fmede, iki \u00fclke aras\u0131ndaki turizm \u00e7al\u0131\u015fmalar\u0131n\u0131 geli\u015ftirmenin ve geni\u015fletmenin yollar\u0131n\u0131 masaya yat\u0131rd\u0131.<\/p>\n<p style=\"text-align: justify;\">Bakan Martini, SANA&#8217;ya yapt\u0131\u011f\u0131 a\u00e7\u0131klamada, iki \u00fclke aras\u0131ndaki tarihi ili\u015fkilerin derinli\u011finin, \u00f6zellikle turizm alan\u0131nda ekonomik ili\u015fkilerin geli\u015fmesiyle birlikte s\u00fcrekli geli\u015fti\u011fini vurgularken, \u2018\u2019Ge\u00e7ti\u011fimiz y\u0131l Pakistan&#8217;a k\u00fclt\u00fcr ve inan\u00e7 turizmi ama\u00e7l\u0131 gelen ziyaret\u00e7i say\u0131s\u0131 22 bine ula\u015ft\u0131\u2019\u2019 dedi.<\/p>\n<p style=\"text-align: justify;\">Bakan Martini ayr\u0131ca, a\u011f\u0131rlanan grupta yat\u0131r\u0131m sekt\u00f6r\u00fcn\u00fcn en b\u00fcy\u00fck i\u015f adamlar\u0131n\u0131n yan\u0131 s\u0131ra seyahat ve turizm <img loading=\"lazy\" decoding=\"async\" class=\" wp-image-306691 alignright\" src=\"http:\/\/sana.sy\/tr\/wp-content\/uploads\/2024\/08\/MHM_3451-300x200-1.jpg\" alt=\"\" width=\"246\" height=\"164\" \/>ofislerinin de yer ald\u0131\u011f\u0131na dikkat \u00e7ekerken, \u2018\u2019 Suriye&#8217;den Pakistan&#8217;a turizmi te\u015fvik ediyoruz, \u00e7\u00fcnk\u00fc buras\u0131 g\u00fczel ve \u00e7ok zengin bir \u00fclke, iyi bir turizm \u00fcr\u00fcn\u00fc ve d\u00fc\u015f\u00fck maliyetlerle karakterize ediliyor\u2019\u2019 ifadelerini kulland\u0131.<\/p>\n<p style=\"text-align: justify;\">Pakistan&#8217;\u0131n \u015eam B\u00fcy\u00fckel\u00e7isi ise, bug\u00fcn Suriye&#8217;ye turizm ofislerinin ziyaretinin, sava\u015f sonras\u0131 Suriye&#8217;yi ke\u015ffetmek, turizm \u015firketlerinin durumu ve turizm alan\u0131nda sunulan hizmetler hakk\u0131nda bilgi edinmek i\u00e7in geldi\u011fini a\u00e7\u0131klarken, iki \u00fclke aras\u0131ndaki turist grubu de\u011fi\u015fimini koordine etmek amac\u0131yla \u00f6n\u00fcm\u00fczdeki d\u00f6nemde Pakistan&#8217;\u0131 ziyaret edecek \u00e7ok say\u0131da Suriyeli turizm \u015firketinin bulundu\u011funa i\u015faret etti.<\/p>\n<p style=\"text-align: center;\"><strong><a href=\"https:\/\/t.me\/SuriyeArapHaberAjansI\">Telegram Kanal\u0131m\u0131z\u00a0<\/a>||<a href=\"https:\/\/twitter.com\/arap_ajans\">X Platformumuz\u00a0<\/a>||<a href=\"https:\/\/www.facebook.com\/SANAHaberAjansi\/\">Facebook Sayfam\u0131z<\/a><\/strong><\/p>\n","protected":false},"excerpt":{"rendered":"<p>\u015eAM (SANA) &#8211; Turizm Bakan\u0131 Muhammed Rami Martini, bug\u00fcn \u015eam&#8217;da Pakistan B\u00fcy\u00fckel\u00e7isi \u015eahid Ahter ve baz\u0131 Pakistanl\u0131 turizm ofisi sahipleri ile bakanl\u0131k binas\u0131nda yapt\u0131\u011f\u0131 g\u00f6r\u00fc\u015fmede, iki \u00fclke aras\u0131ndaki turizm \u00e7al\u0131\u015fmalar\u0131n\u0131 geli\u015ftirmenin ve geni\u015fletmenin yollar\u0131n\u0131 masaya yat\u0131rd\u0131. Bakan Martini, SANA&#8217;ya yapt\u0131\u011f\u0131 a\u00e7\u0131klamada, iki \u00fclke aras\u0131ndaki tarihi ili\u015fkilerin derinli\u011finin, \u00f6zellikle turizm alan\u0131nda ekonomik ili\u015fkilerin geli\u015fmesiyle birlikte s\u00fcrekli &hellip;<\/p>\n","protected":false},"author":41,"featured_media":306693,"comment_status":"closed","ping_status":"closed","sticky":false,"template":"","format":"standard","meta":{"footnotes":""},"categories":[17988,2553,538],"tags":[],"class_list":["post-306689","post","type-post","status-publish","format-standard","has-post-thumbnail","","category-son-haberler","category-turizm","category-yasam"],"_links":{"self":[{"href":"https:\/\/archive.sana.sy\/tr\/index.php?rest_route=\/wp\/v2\/posts\/306689","targetHints":{"allow":["GET"]}}],"collection":[{"href":"https:\/\/archive.sana.sy\/tr\/index.php?rest_route=\/wp\/v2\/posts"}],"about":[{"href":"https:\/\/archive.sana.sy\/tr\/index.php?rest_route=\/wp\/v2\/types\/post"}],"author":[{"embeddable":true,"href":"https:\/\/archive.sana.sy\/tr\/index.php?rest_route=\/wp\/v2\/users\/41"}],"replies":[{"embeddable":true,"href":"https:\/\/archive.sana.sy\/tr\/index.php?rest_route=%2Fwp%2Fv2%2Fcomments&post=306689"}],"version-history":[{"count":1,"href":"https:\/\/archive.sana.sy\/tr\/index.php?rest_route=\/wp\/v2\/posts\/306689\/revisions"}],"predecessor-version":[{"id":306692,"href":"https:\/\/archive.sana.sy\/tr\/index.php?rest_route=\/wp\/v2\/posts\/306689\/revisions\/306692"}],"wp:featuredmedia":[{"embeddable":true,"href":"https:\/\/archive.sana.sy\/tr\/index.php?rest_route=\/wp\/v2\/media\/306693"}],"wp:attachment":[{"href":"https:\/\/archive.sana.sy\/tr\/index.php?rest_route=%2Fwp%2Fv2%2Fmedia&parent=306689"}],"wp:term":[{"taxonomy":"category","embeddable":true,"href":"https:\/\/archive.sana.sy\/tr\/index.php?rest_route=%2Fwp%2Fv2%2Fcategories&post=306689"},{"taxonomy":"post_tag","embeddable":true,"href":"https:\/\/archive.sana.sy\/tr\/index.php?rest_route=%2Fwp%2Fv2%2Ftags&post=306689"}],"curies":[{"name":"wp","href":"https:\/\/api.w.org\/{rel}","templated":true}]}}