{"id":306697,"date":"2024-08-14T11:03:02","date_gmt":"2024-08-14T08:03:02","guid":{"rendered":"https:\/\/sana.sy\/tr\/?p=306697"},"modified":"2024-08-15T13:11:37","modified_gmt":"2024-08-15T10:11:37","slug":"cin-mesru-mudafaa-icin-nukleer-stratejiye-bagliyiz","status":"publish","type":"post","link":"https:\/\/archive.sana.sy\/tr\/?p=306697","title":{"rendered":"\u00c7in: Me\u015fru M\u00fcdafaa \u0130\u00e7in N\u00fckleer Stratejiye Ba\u011fl\u0131y\u0131z"},"content":{"rendered":"<p style=\"text-align: justify;\"><strong>PEK\u0130N (SANA) &#8211;<\/strong> \u00c7in D\u0131\u015fi\u015fleri Bakanl\u0131\u011f\u0131, Pekin&#8217;in n\u00fckleer kapasitesini ulusal g\u00fcvenlik i\u00e7in gereken minimum seviyede tuttu\u011funu duyurdu.<\/p>\n<p style=\"text-align: justify;\">\u00c7in D\u0131\u015fi\u015fleri Bakanl\u0131\u011f\u0131&#8217;ndan bir kaynak, eski ABD Ba\u015fkan\u0131 Donald Trump&#8217;\u0131n \u00c7in&#8217;in n\u00fckleer cephaneli\u011fine ili\u015fkin a\u00e7\u0131klamalar\u0131na ili\u015fkin RIA Novosti&#8217;ye \u015funlar\u0131 s\u00f6yledi: &#8220;\u00c7in, ilk kullanmama politikas\u0131na s\u0131k\u0131 s\u0131k\u0131ya ba\u011fl\u0131 kal\u0131yor, me\u015fru m\u00fcdafaa n\u00fckleer stratejisine ba\u011fl\u0131 kal\u0131yor, n\u00fckleer yeteneklerini ulusal g\u00fcvenlik i\u00e7in gereken minimum d\u00fczeyde tutuyor ve silahlanma yar\u0131\u015f\u0131na girmiyor.&#8221;<\/p>\n<p style=\"text-align: justify;\">Daha \u00f6nce Trump, i\u015f adam\u0131 ve milyarder Elon Musk ile kendi &#8220;X&#8221; a\u011f\u0131nda yapt\u0131\u011f\u0131 r\u00f6portajda, \u00c7in&#8217;in n\u00fckleer silah cephaneli\u011fi alan\u0131nda &#8220;ABD&#8217;ye yeti\u015fece\u011fini, hatta onu ge\u00e7ece\u011fini&#8221; a\u00e7\u0131klama\u0131\u015ft\u0131.<\/p>\n<p style=\"text-align: center;\"><strong><a href=\"https:\/\/t.me\/SuriyeArapHaberAjansI\">Telegram Kanal\u0131m\u0131z\u00a0<\/a>||<a href=\"https:\/\/twitter.com\/arap_ajans\">X Platformumuz\u00a0<\/a>||<a href=\"https:\/\/www.facebook.com\/SANAHaberAjansi\/\">Facebook Sayfam\u0131z<\/a><\/strong><\/p>\n","protected":false},"excerpt":{"rendered":"<p>PEK\u0130N (SANA) &#8211; \u00c7in D\u0131\u015fi\u015fleri Bakanl\u0131\u011f\u0131, Pekin&#8217;in n\u00fckleer kapasitesini ulusal g\u00fcvenlik i\u00e7in gereken minimum seviyede tuttu\u011funu duyurdu. \u00c7in D\u0131\u015fi\u015fleri Bakanl\u0131\u011f\u0131&#8217;ndan bir kaynak, eski ABD Ba\u015fkan\u0131 Donald Trump&#8217;\u0131n \u00c7in&#8217;in n\u00fckleer cephaneli\u011fine ili\u015fkin a\u00e7\u0131klamalar\u0131na ili\u015fkin RIA Novosti&#8217;ye \u015funlar\u0131 s\u00f6yledi: &#8220;\u00c7in, ilk kullanmama politikas\u0131na s\u0131k\u0131 s\u0131k\u0131ya ba\u011fl\u0131 kal\u0131yor, me\u015fru m\u00fcdafaa n\u00fckleer stratejisine ba\u011fl\u0131 kal\u0131yor, n\u00fckleer yeteneklerini ulusal g\u00fcvenlik &hellip;<\/p>\n","protected":false},"author":41,"featured_media":306699,"comment_status":"closed","ping_status":"closed","sticky":false,"template":"","format":"standard","meta":{"footnotes":""},"categories":[458,459,17988],"tags":[],"class_list":["post-306697","post","type-post","status-publish","format-standard","has-post-thumbnail","","category-dunya1","category-haberler-arap-uluslararasi-politika","category-son-haberler"],"_links":{"self":[{"href":"https:\/\/archive.sana.sy\/tr\/index.php?rest_route=\/wp\/v2\/posts\/306697","targetHints":{"allow":["GET"]}}],"collection":[{"href":"https:\/\/archive.sana.sy\/tr\/index.php?rest_route=\/wp\/v2\/posts"}],"about":[{"href":"https:\/\/archive.sana.sy\/tr\/index.php?rest_route=\/wp\/v2\/types\/post"}],"author":[{"embeddable":true,"href":"https:\/\/archive.sana.sy\/tr\/index.php?rest_route=\/wp\/v2\/users\/41"}],"replies":[{"embeddable":true,"href":"https:\/\/archive.sana.sy\/tr\/index.php?rest_route=%2Fwp%2Fv2%2Fcomments&post=306697"}],"version-history":[{"count":1,"href":"https:\/\/archive.sana.sy\/tr\/index.php?rest_route=\/wp\/v2\/posts\/306697\/revisions"}],"predecessor-version":[{"id":306698,"href":"https:\/\/archive.sana.sy\/tr\/index.php?rest_route=\/wp\/v2\/posts\/306697\/revisions\/306698"}],"wp:featuredmedia":[{"embeddable":true,"href":"https:\/\/archive.sana.sy\/tr\/index.php?rest_route=\/wp\/v2\/media\/306699"}],"wp:attachment":[{"href":"https:\/\/archive.sana.sy\/tr\/index.php?rest_route=%2Fwp%2Fv2%2Fmedia&parent=306697"}],"wp:term":[{"taxonomy":"category","embeddable":true,"href":"https:\/\/archive.sana.sy\/tr\/index.php?rest_route=%2Fwp%2Fv2%2Fcategories&post=306697"},{"taxonomy":"post_tag","embeddable":true,"href":"https:\/\/archive.sana.sy\/tr\/index.php?rest_route=%2Fwp%2Fv2%2Ftags&post=306697"}],"curies":[{"name":"wp","href":"https:\/\/api.w.org\/{rel}","templated":true}]}}