{"id":3067,"date":"2014-06-14T16:19:54","date_gmt":"2014-06-14T13:19:54","guid":{"rendered":"http:\/\/sanasyria.org\/tr\/?p=3067"},"modified":"2014-06-14T16:20:06","modified_gmt":"2014-06-14T13:20:06","slug":"irak-ordusu-operasyonlarini-surduruyor","status":"publish","type":"post","link":"https:\/\/archive.sana.sy\/tr\/?p=3067","title":{"rendered":"Irak Ordusu Operasyonlar\u0131n\u0131 S\u00fcrd\u00fcr\u00fcyor"},"content":{"rendered":"<p><span style=\"color: #800000\">BA\u011eDAT \u2013<\/span> Samarra Operasyon Merkezi; Irak Ordu Birliklerinin birka\u00e7 g\u00fcn \u00f6nce Selahaddin Kentinde kontrol\u00fc ele ge\u00e7irdiklerini ilan etmelerinin ard\u0131ndan bug\u00fcn, el Kaide\u2019ye ba\u011fl\u0131 \u201cIrak ve \u015eam\u2019da \u0130slam Devleti\u201d (I\u015e\u0130D) ter\u00f6r \u00f6rg\u00fct\u00fcn\u00fcn el \u0130shaki Nahiyesinden de \u00e7\u0131kart\u0131ld\u0131\u011f\u0131n\u0131 ilan etti.<\/p>\n<p>Irak Resmi Televizyonu Samarra Operasyon Merkezinin, g\u00fcvenlik g\u00fc\u00e7lerinin Salahaddin \u0130linde el \u0130shaki Nahiyesinin t\u00fcm\u00fcnde kontrol\u00fc ele ge\u00e7irdi\u011fini ilan etti\u011fini aktard\u0131.<\/p>\n<p>Ayr\u0131ca Ba\u011fdat kentinin kuzey giri\u015fini korumakla g\u00f6revli ordu birli\u011finin Komutan\u0131 General Abd\u00fclcebbar el Esadi; ordu birliklerinin silahl\u0131 ter\u00f6r gruplar\u0131 taraf\u0131ndan gelecek olas\u0131 bir sald\u0131r\u0131ya kar\u015f\u0131 haz\u0131r olduklar\u0131n\u0131 dile getirerek Ba\u011fdat kentinin ter\u00f6r sald\u0131r\u0131lar\u0131na kar\u015f\u0131 korunmas\u0131 i\u00e7in b\u00fcy\u00fck bir \u00e7aba harcanmakta oldu\u011funu belirtti.<\/p>\n","protected":false},"excerpt":{"rendered":"<p>BA\u011eDAT \u2013 Samarra Operasyon Merkezi; Irak Ordu Birliklerinin birka\u00e7 g\u00fcn \u00f6nce Selahaddin Kentinde kontrol\u00fc ele ge\u00e7irdiklerini ilan etmelerinin ard\u0131ndan bug\u00fcn, el Kaide\u2019ye ba\u011fl\u0131 \u201cIrak ve \u015eam\u2019da \u0130slam Devleti\u201d (I\u015e\u0130D) ter\u00f6r \u00f6rg\u00fct\u00fcn\u00fcn el \u0130shaki Nahiyesinden de \u00e7\u0131kart\u0131ld\u0131\u011f\u0131n\u0131 ilan etti. Irak Resmi Televizyonu Samarra Operasyon Merkezinin, g\u00fcvenlik g\u00fc\u00e7lerinin Salahaddin \u0130linde el \u0130shaki Nahiyesinin t\u00fcm\u00fcnde kontrol\u00fc ele ge\u00e7irdi\u011fini &hellip;<\/p>\n","protected":false},"author":1,"featured_media":3068,"comment_status":"closed","ping_status":"closed","sticky":false,"template":"","format":"standard","meta":{"footnotes":""},"categories":[458,459],"tags":[679],"class_list":["post-3067","post","type-post","status-publish","format-standard","has-post-thumbnail","","category-dunya1","category-haberler-arap-uluslararasi-politika","tag-irak-ordusu-operasyonlarini-surduruyor"],"_links":{"self":[{"href":"https:\/\/archive.sana.sy\/tr\/index.php?rest_route=\/wp\/v2\/posts\/3067","targetHints":{"allow":["GET"]}}],"collection":[{"href":"https:\/\/archive.sana.sy\/tr\/index.php?rest_route=\/wp\/v2\/posts"}],"about":[{"href":"https:\/\/archive.sana.sy\/tr\/index.php?rest_route=\/wp\/v2\/types\/post"}],"author":[{"embeddable":true,"href":"https:\/\/archive.sana.sy\/tr\/index.php?rest_route=\/wp\/v2\/users\/1"}],"replies":[{"embeddable":true,"href":"https:\/\/archive.sana.sy\/tr\/index.php?rest_route=%2Fwp%2Fv2%2Fcomments&post=3067"}],"version-history":[{"count":0,"href":"https:\/\/archive.sana.sy\/tr\/index.php?rest_route=\/wp\/v2\/posts\/3067\/revisions"}],"wp:featuredmedia":[{"embeddable":true,"href":"https:\/\/archive.sana.sy\/tr\/index.php?rest_route=\/wp\/v2\/media\/3068"}],"wp:attachment":[{"href":"https:\/\/archive.sana.sy\/tr\/index.php?rest_route=%2Fwp%2Fv2%2Fmedia&parent=3067"}],"wp:term":[{"taxonomy":"category","embeddable":true,"href":"https:\/\/archive.sana.sy\/tr\/index.php?rest_route=%2Fwp%2Fv2%2Fcategories&post=3067"},{"taxonomy":"post_tag","embeddable":true,"href":"https:\/\/archive.sana.sy\/tr\/index.php?rest_route=%2Fwp%2Fv2%2Ftags&post=3067"}],"curies":[{"name":"wp","href":"https:\/\/api.w.org\/{rel}","templated":true}]}}