{"id":306700,"date":"2024-08-14T20:05:21","date_gmt":"2024-08-14T17:05:21","guid":{"rendered":"https:\/\/sana.sy\/tr\/?p=306700"},"modified":"2024-08-17T08:51:24","modified_gmt":"2024-08-17T05:51:24","slug":"lubnan-direnisi-kiryat-smona-yerlesimini-ve-ramsa-bolgesini-hedef-adi","status":"publish","type":"post","link":"https:\/\/archive.sana.sy\/tr\/?p=306700","title":{"rendered":"L\u00fcbnan Direni\u015fi, Kiryat \u015emona Yerle\u015fimini Ve Ramsa B\u00f6lgesini Hedef Ad\u0131"},"content":{"rendered":"<p style=\"text-align: justify;\"><strong>BEYRUT (SANA)-<\/strong> L\u00fcbnan Ulusal Direni\u015fi, i\u015fgal alt\u0131ndaki Filistin&#8217;in kuzeyindeki Kiryat \u015emona Yerle\u015fkesini ve i\u015fgal alt\u0131ndaki L\u00fcbnan&#8217;\u0131n Kefer \u015euba tepelerindeki Ramsa b\u00f6lgesini f\u00fcze silahlar\u0131yla hedef ald\u0131\u011f\u0131n\u0131 duyurdu.<\/p>\n<p style=\"text-align: justify;\">L\u00fcbnan Direni\u015fi bir a\u00e7\u0131klamada \u015funlar\u0131 s\u00f6yledi: \u201cGazze \u015eeridi&#8217;ndeki kararl\u0131 Filistin halk\u0131m\u0131z\u0131 ve onlar\u0131n yi\u011fit ve onurlu direni\u015fini desteklemek ve \u0130srail d\u00fc\u015fman\u0131n\u0131n g\u00fcneydeki ba\u015fta Abbasiya kasabas\u0131ndaki olmak \u00fczere g\u00fcvenli evlere y\u00f6nelik ve sivillerin yaralanmalar\u0131na neden olan sald\u0131r\u0131lar\u0131na yan\u0131t olarak direni\u015f sava\u015f\u00e7\u0131lar\u0131, Kiryat \u015emona yerle\u015fkesi \u201cAl Halise k\u00f6y\u00fcn\u00fc\u201d Katyu\u015fa roketleri ile bombalad\u0131.\u201d<\/p>\n<p style=\"text-align: justify;\">Direni\u015fin a\u00e7\u0131klamas\u0131na g\u00f6re direni\u015f\u00e7iler ayr\u0131ca L\u00fcbnan&#8217;\u0131n i\u015fgal alt\u0131ndaki Kefer \u015euba tepelerindeki Ramsa b\u00f6lgesini f\u00fcze silahlar\u0131yla hedef alarak a\u011f\u0131r kay\u0131plara neden oldu.<\/p>\n<p style=\"text-align: center;\"><strong><a href=\"https:\/\/t.me\/SuriyeArapHaberAjansI\">Telegram Kanal\u0131m\u0131z\u00a0<\/a>||<a href=\"https:\/\/twitter.com\/arap_ajans\">X Platformumuz\u00a0<\/a>||<a href=\"https:\/\/www.facebook.com\/SANAHaberAjansi\/\">Facebook Sayfam\u0131z<\/a><\/strong><\/p>\n","protected":false},"excerpt":{"rendered":"<p>BEYRUT (SANA)- L\u00fcbnan Ulusal Direni\u015fi, i\u015fgal alt\u0131ndaki Filistin&#8217;in kuzeyindeki Kiryat \u015emona Yerle\u015fkesini ve i\u015fgal alt\u0131ndaki L\u00fcbnan&#8217;\u0131n Kefer \u015euba tepelerindeki Ramsa b\u00f6lgesini f\u00fcze silahlar\u0131yla hedef ald\u0131\u011f\u0131n\u0131 duyurdu. L\u00fcbnan Direni\u015fi bir a\u00e7\u0131klamada \u015funlar\u0131 s\u00f6yledi: \u201cGazze \u015eeridi&#8217;ndeki kararl\u0131 Filistin halk\u0131m\u0131z\u0131 ve onlar\u0131n yi\u011fit ve onurlu direni\u015fini desteklemek ve \u0130srail d\u00fc\u015fman\u0131n\u0131n g\u00fcneydeki ba\u015fta Abbasiya kasabas\u0131ndaki olmak \u00fczere g\u00fcvenli evlere &hellip;<\/p>\n","protected":false},"author":43,"featured_media":306701,"comment_status":"closed","ping_status":"closed","sticky":false,"template":"","format":"standard","meta":{"footnotes":""},"categories":[458,459,17988],"tags":[42142,31415],"class_list":["post-306700","post","type-post","status-publish","format-standard","has-post-thumbnail","","category-dunya1","category-haberler-arap-uluslararasi-politika","category-son-haberler","tag-kiryat-smona-yerlesimini-ve-ramsa-bolgesini-hedef-adi","tag-lubnan-direnisi"],"_links":{"self":[{"href":"https:\/\/archive.sana.sy\/tr\/index.php?rest_route=\/wp\/v2\/posts\/306700","targetHints":{"allow":["GET"]}}],"collection":[{"href":"https:\/\/archive.sana.sy\/tr\/index.php?rest_route=\/wp\/v2\/posts"}],"about":[{"href":"https:\/\/archive.sana.sy\/tr\/index.php?rest_route=\/wp\/v2\/types\/post"}],"author":[{"embeddable":true,"href":"https:\/\/archive.sana.sy\/tr\/index.php?rest_route=\/wp\/v2\/users\/43"}],"replies":[{"embeddable":true,"href":"https:\/\/archive.sana.sy\/tr\/index.php?rest_route=%2Fwp%2Fv2%2Fcomments&post=306700"}],"version-history":[{"count":1,"href":"https:\/\/archive.sana.sy\/tr\/index.php?rest_route=\/wp\/v2\/posts\/306700\/revisions"}],"predecessor-version":[{"id":306702,"href":"https:\/\/archive.sana.sy\/tr\/index.php?rest_route=\/wp\/v2\/posts\/306700\/revisions\/306702"}],"wp:featuredmedia":[{"embeddable":true,"href":"https:\/\/archive.sana.sy\/tr\/index.php?rest_route=\/wp\/v2\/media\/306701"}],"wp:attachment":[{"href":"https:\/\/archive.sana.sy\/tr\/index.php?rest_route=%2Fwp%2Fv2%2Fmedia&parent=306700"}],"wp:term":[{"taxonomy":"category","embeddable":true,"href":"https:\/\/archive.sana.sy\/tr\/index.php?rest_route=%2Fwp%2Fv2%2Fcategories&post=306700"},{"taxonomy":"post_tag","embeddable":true,"href":"https:\/\/archive.sana.sy\/tr\/index.php?rest_route=%2Fwp%2Fv2%2Ftags&post=306700"}],"curies":[{"name":"wp","href":"https:\/\/api.w.org\/{rel}","templated":true}]}}