{"id":306704,"date":"2024-08-15T10:20:00","date_gmt":"2024-08-15T07:20:00","guid":{"rendered":"https:\/\/www.sana.sy\/tr\/?p=306704"},"modified":"2024-08-17T08:51:38","modified_gmt":"2024-08-17T05:51:38","slug":"pakistan-cumhuriyeti-buyukelcisi-suriye-pakistan-iliskileri-tarihi-bir-oneme-sahiptir-ve-iki-ulkenin-tum-uluslararasi-forumlardaki-pozisyonlari-aynidir","status":"publish","type":"post","link":"https:\/\/archive.sana.sy\/tr\/?p=306704","title":{"rendered":"Pakistan Cumhuriyeti B\u00fcy\u00fckel\u00e7isi, Suriye-Pakistan \u0130li\u015fkileri Tarihi Bir \u00d6neme Sahiptir Ve \u0130ki \u00dclkenin T\u00fcm Uluslararas\u0131 Forumlardaki Pozisyonlar\u0131 Ayn\u0131d\u0131r"},"content":{"rendered":"<p style=\"text-align: justify;\"><strong>\u015eAM (SANA) \u2013<\/strong> Pakistan Cumhuriyeti&#8217;nin \u015eam B\u00fcy\u00fckel\u00e7ili\u011fi, ba\u011f\u0131ms\u0131zl\u0131\u011f\u0131n yetmi\u015f yedinci y\u0131ld\u00f6n\u00fcm\u00fc m\u00fcnasebetiyle \u015eam&#8217;daki Golden Mezzeh Otel&#8217;de t\u00f6ren d\u00fczenledi.<\/p>\n<p style=\"text-align: justify;\"><img loading=\"lazy\" decoding=\"async\" class=\"size-medium wp-image-306733 alignright\" src=\"http:\/\/www.sana.sy\/tr\/wp-content\/uploads\/2024\/08\/DSC_7313-1-300x175.jpg\" alt=\"\" width=\"300\" height=\"175\" srcset=\"https:\/\/archive.sana.sy\/tr\/wp-content\/uploads\/2024\/08\/DSC_7313-1-300x175.jpg 300w, https:\/\/archive.sana.sy\/tr\/wp-content\/uploads\/2024\/08\/DSC_7313-1.jpg 660w\" sizes=\"auto, (max-width: 300px) 100vw, 300px\" \/>Pakistan&#8217;\u0131n \u015eam B\u00fcy\u00fckel\u00e7isi \u015eahid Ahter de konu\u015fmas\u0131nda, \u00fclkesi ile Suriye aras\u0131ndaki ili\u015fkilerin k\u00f6kl\u00fc bir ge\u00e7mi\u015fe sahip oldu\u011funu ve t\u00fcm uluslararas\u0131 forumlarda her zaman ayn\u0131 pozisyonlarda olduklar\u0131n\u0131 vurgulayarak, Pakistan&#8217;\u0131n, Suriye&#8217;yi zay\u0131flatmak i\u00e7in komplo kuran herkese kar\u015f\u0131 Suriye ve halk\u0131n\u0131n yan\u0131nda yer ald\u0131\u011f\u0131na dikkat \u00e7ekti.<\/p>\n<p style=\"text-align: justify;\">B\u00fcy\u00fckel\u00e7i Ahtar, gururlu miras\u0131n\u0131n ve se\u00e7kin insan kaynaklar\u0131n\u0131n onlar\u0131 hak ettikleri yere geri getirece\u011fini ve ger\u00e7e\u011fin her zaman galip gelece\u011fini d\u00fc\u015f\u00fcnerek Suriye halk\u0131n\u0131n kararl\u0131l\u0131\u011f\u0131n\u0131 \u00f6verek, &#8220;herkesin vizyon ve d\u00fc\u015f\u00fcnce de\u011fi\u015fikli\u011fine tan\u0131k oldu\u011fu bir d\u00f6nemde, d\u00fcnyan\u0131n Suriye&#8217;ye ve halk\u0131na kar\u015f\u0131 yap\u0131lan b\u00fcy\u00fck adaletsizli\u011fin boyutunun fark\u0131na vard\u0131&#8221; dedi.<\/p>\n<p style=\"text-align: justify;\">B\u00fcy\u00fckel\u00e7i, iki \u00fclke aras\u0131ndaki i\u015fbirli\u011finin son birka\u00e7 y\u0131lda ilerleme ve refaha sahne oldu\u011funu, ekonomi, savunma, bilgi teknolojisi ve turizm gibi \u00e7e\u015fitli alanlarda bir\u00e7ok ba\u015far\u0131n\u0131n hayata ge\u00e7irildi\u011fini ve mutabakat zapt\u0131lar\u0131n\u0131n imzaland\u0131\u011f\u0131n\u0131 veya yenilendi\u011fini belirtti.<\/p>\n<p style=\"text-align: justify;\"><img loading=\"lazy\" decoding=\"async\" class=\"size-medium wp-image-306734 alignright\" src=\"http:\/\/www.sana.sy\/tr\/wp-content\/uploads\/2024\/08\/DSC_7315-1-300x171.jpg\" alt=\"\" width=\"300\" height=\"171\" srcset=\"https:\/\/archive.sana.sy\/tr\/wp-content\/uploads\/2024\/08\/DSC_7315-1-300x171.jpg 300w, https:\/\/archive.sana.sy\/tr\/wp-content\/uploads\/2024\/08\/DSC_7315-1.jpg 660w\" sizes=\"auto, (max-width: 300px) 100vw, 300px\" \/>Kendi y\u00f6n\u00fcnden Tar\u0131m ve Tar\u0131m Reformu Bakan\u0131 Muhammed Hasan Katna, iki \u00fclke aras\u0131ndaki se\u00e7kin ili\u015fkilerin, Suriye ve Pakistan&#8217;\u0131n k\u00fcresel zorluklar ve di\u011fer \u00fclkelerin i\u00e7 i\u015flerine askeri ve siyasi m\u00fcdahaleler kar\u015f\u0131s\u0131nda inand\u0131\u011f\u0131 ortak ilkeleri ifade etti\u011fini vurgulad\u0131.<\/p>\n<p style=\"text-align: justify;\">Bakan katana, ili\u015fkilerde ekonomi, bilim, k\u00fclt\u00fcr, medya ve tar\u0131m alanlar\u0131nda \u00e7ok say\u0131da ikili anla\u015fman\u0131n imzalanmas\u0131yla niteliksel bir s\u0131\u00e7rama ya\u015fand\u0131\u011f\u0131na i\u015faret ederek, bilimliler ve ara\u015ft\u0131rmac\u0131lar\u0131n yararlanabilecekleri ortak temeller koymak i\u00e7in ziyaretlerde kristalle\u015fen her alanda, \u00f6zellikle e\u011fitim ve pedagoji olmak \u00fczere iki \u00fclke aras\u0131ndaki i\u015fbirli\u011finin bu oldu\u011funu belirtti.<\/p>\n<p>Katana ayr\u0131ca, Pakistan&#8217;\u0131n Suriye&#8217;ye y\u00f6nelik tutumuna ve deste\u011fine, Suriye&#8217;nin ba\u011f\u0131ms\u0131zl\u0131\u011f\u0131n\u0131, egemenli\u011fini ve toprak b\u00fct\u00fcnl\u00fc\u011f\u00fcn\u00fc savunma ve ter\u00f6rle m\u00fccadele hakk\u0131na dikkat \u00e7ekerek, &#8220;\u0130srail sald\u0131rganl\u0131\u011f\u0131 kar\u015f\u0131s\u0131nda halk\u0131m\u0131z\u0131n i\u015fgal alt\u0131ndaki Arap topraklar\u0131nda maruz kald\u0131\u011f\u0131 durum g\u00f6z \u00f6n\u00fcne al\u0131nd\u0131\u011f\u0131nda, Pakistan&#8217;\u0131n Filistin davas\u0131na destek veren Arap haklar\u0131n\u0131 ve i\u015fgal alt\u0131ndaki Suriye Golan&#8217;\u0131n\u0131n geri d\u00f6n\u00fc\u015f\u00fcn\u00fc destekleme tutumunu takdir ediyoruz&#8221; ifadelerini de s\u00f6zlerine ekledi.<\/p>\n<p style=\"text-align: justify;\">Bakan ayr\u0131ca, iki \u00fclke aras\u0131ndaki do\u011fal afetlerde kar\u015f\u0131l\u0131kl\u0131 deste\u011fe de de\u011finerek, bunun iki taraf aras\u0131ndaki h\u00fck\u00fcmet ve halk dayan\u0131\u015fmas\u0131n\u0131 en iyi \u015fekilde ifade etti\u011fini ifade ederek, &#8220;Ba\u011f\u0131ms\u0131zl\u0131k ve \u00f6zg\u00fcrl\u00fc\u011fe ula\u015fma kararl\u0131l\u0131\u011f\u0131ndan dolay\u0131 Pakistan halk\u0131n\u0131 s\u0131cak ve y\u00fcrekten tebrik ediyorum&#8221; dedi.<\/p>\n<p style=\"text-align: center;\"><strong><a href=\"https:\/\/t.me\/SuriyeArapHaberAjansI\">Telegram Kanal\u0131m\u0131z\u00a0<\/a>||<a href=\"https:\/\/twitter.com\/arap_ajans\">X Platformumuz\u00a0<\/a>||<a href=\"https:\/\/www.facebook.com\/SANAHaberAjansi\/\">Facebook Sayfam\u0131z<\/a><\/strong><\/p>\n<div id='gallery-1' class='gallery galleryid-306704 gallery-columns-1 gallery-size-full'><figure class='gallery-item'>\n\t\t\t<div class='gallery-icon landscape'>\n\t\t\t\t<a href='https:\/\/archive.sana.sy\/tr\/wp-content\/uploads\/2024\/08\/DSC_7130-1.jpg'><img loading=\"lazy\" decoding=\"async\" width=\"660\" height=\"365\" src=\"https:\/\/archive.sana.sy\/tr\/wp-content\/uploads\/2024\/08\/DSC_7130-1.jpg\" class=\"attachment-full size-full\" alt=\"\" srcset=\"https:\/\/archive.sana.sy\/tr\/wp-content\/uploads\/2024\/08\/DSC_7130-1.jpg 660w, https:\/\/archive.sana.sy\/tr\/wp-content\/uploads\/2024\/08\/DSC_7130-1-300x166.jpg 300w\" sizes=\"auto, (max-width: 660px) 100vw, 660px\" \/><\/a>\n\t\t\t<\/div><\/figure><figure class='gallery-item'>\n\t\t\t<div class='gallery-icon landscape'>\n\t\t\t\t<a href='https:\/\/archive.sana.sy\/tr\/wp-content\/uploads\/2024\/08\/DSC_7146-1.jpg'><img loading=\"lazy\" decoding=\"async\" width=\"660\" height=\"375\" src=\"https:\/\/archive.sana.sy\/tr\/wp-content\/uploads\/2024\/08\/DSC_7146-1.jpg\" class=\"attachment-full size-full\" alt=\"\" srcset=\"https:\/\/archive.sana.sy\/tr\/wp-content\/uploads\/2024\/08\/DSC_7146-1.jpg 660w, https:\/\/archive.sana.sy\/tr\/wp-content\/uploads\/2024\/08\/DSC_7146-1-300x170.jpg 300w\" sizes=\"auto, (max-width: 660px) 100vw, 660px\" \/><\/a>\n\t\t\t<\/div><\/figure><figure class='gallery-item'>\n\t\t\t<div class='gallery-icon landscape'>\n\t\t\t\t<a href='https:\/\/archive.sana.sy\/tr\/wp-content\/uploads\/2024\/08\/DSC_7157-1.jpg'><img loading=\"lazy\" decoding=\"async\" width=\"660\" height=\"384\" src=\"https:\/\/archive.sana.sy\/tr\/wp-content\/uploads\/2024\/08\/DSC_7157-1.jpg\" class=\"attachment-full size-full\" alt=\"\" srcset=\"https:\/\/archive.sana.sy\/tr\/wp-content\/uploads\/2024\/08\/DSC_7157-1.jpg 660w, https:\/\/archive.sana.sy\/tr\/wp-content\/uploads\/2024\/08\/DSC_7157-1-300x175.jpg 300w\" sizes=\"auto, (max-width: 660px) 100vw, 660px\" \/><\/a>\n\t\t\t<\/div><\/figure><figure class='gallery-item'>\n\t\t\t<div class='gallery-icon landscape'>\n\t\t\t\t<a href='https:\/\/archive.sana.sy\/tr\/wp-content\/uploads\/2024\/08\/DSC_7172-1.jpg'><img loading=\"lazy\" decoding=\"async\" width=\"660\" height=\"358\" src=\"https:\/\/archive.sana.sy\/tr\/wp-content\/uploads\/2024\/08\/DSC_7172-1.jpg\" class=\"attachment-full size-full\" alt=\"\" srcset=\"https:\/\/archive.sana.sy\/tr\/wp-content\/uploads\/2024\/08\/DSC_7172-1.jpg 660w, https:\/\/archive.sana.sy\/tr\/wp-content\/uploads\/2024\/08\/DSC_7172-1-300x163.jpg 300w\" sizes=\"auto, (max-width: 660px) 100vw, 660px\" \/><\/a>\n\t\t\t<\/div><\/figure><figure class='gallery-item'>\n\t\t\t<div class='gallery-icon landscape'>\n\t\t\t\t<a href='https:\/\/archive.sana.sy\/tr\/wp-content\/uploads\/2024\/08\/DSC_7199-1.jpg'><img loading=\"lazy\" decoding=\"async\" width=\"660\" height=\"396\" src=\"https:\/\/archive.sana.sy\/tr\/wp-content\/uploads\/2024\/08\/DSC_7199-1.jpg\" class=\"attachment-full size-full\" alt=\"\" srcset=\"https:\/\/archive.sana.sy\/tr\/wp-content\/uploads\/2024\/08\/DSC_7199-1.jpg 660w, https:\/\/archive.sana.sy\/tr\/wp-content\/uploads\/2024\/08\/DSC_7199-1-300x180.jpg 300w\" sizes=\"auto, (max-width: 660px) 100vw, 660px\" \/><\/a>\n\t\t\t<\/div><\/figure><figure class='gallery-item'>\n\t\t\t<div class='gallery-icon landscape'>\n\t\t\t\t<a href='https:\/\/archive.sana.sy\/tr\/wp-content\/uploads\/2024\/08\/DSC_7206-1.jpg'><img loading=\"lazy\" decoding=\"async\" width=\"660\" height=\"397\" src=\"https:\/\/archive.sana.sy\/tr\/wp-content\/uploads\/2024\/08\/DSC_7206-1.jpg\" class=\"attachment-full size-full\" alt=\"\" srcset=\"https:\/\/archive.sana.sy\/tr\/wp-content\/uploads\/2024\/08\/DSC_7206-1.jpg 660w, https:\/\/archive.sana.sy\/tr\/wp-content\/uploads\/2024\/08\/DSC_7206-1-300x180.jpg 300w\" sizes=\"auto, (max-width: 660px) 100vw, 660px\" \/><\/a>\n\t\t\t<\/div><\/figure><figure class='gallery-item'>\n\t\t\t<div class='gallery-icon landscape'>\n\t\t\t\t<a href='https:\/\/archive.sana.sy\/tr\/wp-content\/uploads\/2024\/08\/DSC_7219-1.jpg'><img loading=\"lazy\" decoding=\"async\" width=\"660\" height=\"358\" src=\"https:\/\/archive.sana.sy\/tr\/wp-content\/uploads\/2024\/08\/DSC_7219-1.jpg\" class=\"attachment-full size-full\" alt=\"\" srcset=\"https:\/\/archive.sana.sy\/tr\/wp-content\/uploads\/2024\/08\/DSC_7219-1.jpg 660w, https:\/\/archive.sana.sy\/tr\/wp-content\/uploads\/2024\/08\/DSC_7219-1-300x163.jpg 300w\" sizes=\"auto, (max-width: 660px) 100vw, 660px\" \/><\/a>\n\t\t\t<\/div><\/figure><figure class='gallery-item'>\n\t\t\t<div class='gallery-icon landscape'>\n\t\t\t\t<a href='https:\/\/archive.sana.sy\/tr\/wp-content\/uploads\/2024\/08\/DSC_7272-1.jpg'><img loading=\"lazy\" decoding=\"async\" width=\"660\" height=\"388\" src=\"https:\/\/archive.sana.sy\/tr\/wp-content\/uploads\/2024\/08\/DSC_7272-1.jpg\" class=\"attachment-full size-full\" alt=\"\" srcset=\"https:\/\/archive.sana.sy\/tr\/wp-content\/uploads\/2024\/08\/DSC_7272-1.jpg 660w, https:\/\/archive.sana.sy\/tr\/wp-content\/uploads\/2024\/08\/DSC_7272-1-300x176.jpg 300w\" sizes=\"auto, (max-width: 660px) 100vw, 660px\" \/><\/a>\n\t\t\t<\/div><\/figure><figure class='gallery-item'>\n\t\t\t<div class='gallery-icon landscape'>\n\t\t\t\t<a href='https:\/\/archive.sana.sy\/tr\/wp-content\/uploads\/2024\/08\/DSC_7302-1.jpg'><img loading=\"lazy\" decoding=\"async\" width=\"660\" height=\"377\" src=\"https:\/\/archive.sana.sy\/tr\/wp-content\/uploads\/2024\/08\/DSC_7302-1.jpg\" class=\"attachment-full size-full\" alt=\"\" srcset=\"https:\/\/archive.sana.sy\/tr\/wp-content\/uploads\/2024\/08\/DSC_7302-1.jpg 660w, https:\/\/archive.sana.sy\/tr\/wp-content\/uploads\/2024\/08\/DSC_7302-1-300x171.jpg 300w\" sizes=\"auto, (max-width: 660px) 100vw, 660px\" \/><\/a>\n\t\t\t<\/div><\/figure>\n\t\t<\/div>\n\n","protected":false},"excerpt":{"rendered":"<p>\u015eAM (SANA) \u2013 Pakistan Cumhuriyeti&#8217;nin \u015eam B\u00fcy\u00fckel\u00e7ili\u011fi, ba\u011f\u0131ms\u0131zl\u0131\u011f\u0131n yetmi\u015f yedinci y\u0131ld\u00f6n\u00fcm\u00fc m\u00fcnasebetiyle \u015eam&#8217;daki Golden Mezzeh Otel&#8217;de t\u00f6ren d\u00fczenledi. Pakistan&#8217;\u0131n \u015eam B\u00fcy\u00fckel\u00e7isi \u015eahid Ahter de konu\u015fmas\u0131nda, \u00fclkesi ile Suriye aras\u0131ndaki ili\u015fkilerin k\u00f6kl\u00fc bir ge\u00e7mi\u015fe sahip oldu\u011funu ve t\u00fcm uluslararas\u0131 forumlarda her zaman ayn\u0131 pozisyonlarda olduklar\u0131n\u0131 vurgulayarak, Pakistan&#8217;\u0131n, Suriye&#8217;yi zay\u0131flatmak i\u00e7in komplo kuran herkese kar\u015f\u0131 Suriye ve &hellip;<\/p>\n","protected":false},"author":39,"featured_media":306705,"comment_status":"closed","ping_status":"closed","sticky":false,"template":"","format":"standard","meta":{"footnotes":""},"categories":[596,479,17988,478],"tags":[],"class_list":["post-306704","post","type-post","status-publish","format-standard","has-post-thumbnail","","category-fotografli-raporlar","category-haberler-yerel","category-son-haberler","category-yerel"],"_links":{"self":[{"href":"https:\/\/archive.sana.sy\/tr\/index.php?rest_route=\/wp\/v2\/posts\/306704","targetHints":{"allow":["GET"]}}],"collection":[{"href":"https:\/\/archive.sana.sy\/tr\/index.php?rest_route=\/wp\/v2\/posts"}],"about":[{"href":"https:\/\/archive.sana.sy\/tr\/index.php?rest_route=\/wp\/v2\/types\/post"}],"author":[{"embeddable":true,"href":"https:\/\/archive.sana.sy\/tr\/index.php?rest_route=\/wp\/v2\/users\/39"}],"replies":[{"embeddable":true,"href":"https:\/\/archive.sana.sy\/tr\/index.php?rest_route=%2Fwp%2Fv2%2Fcomments&post=306704"}],"version-history":[{"count":9,"href":"https:\/\/archive.sana.sy\/tr\/index.php?rest_route=\/wp\/v2\/posts\/306704\/revisions"}],"predecessor-version":[{"id":306744,"href":"https:\/\/archive.sana.sy\/tr\/index.php?rest_route=\/wp\/v2\/posts\/306704\/revisions\/306744"}],"wp:featuredmedia":[{"embeddable":true,"href":"https:\/\/archive.sana.sy\/tr\/index.php?rest_route=\/wp\/v2\/media\/306705"}],"wp:attachment":[{"href":"https:\/\/archive.sana.sy\/tr\/index.php?rest_route=%2Fwp%2Fv2%2Fmedia&parent=306704"}],"wp:term":[{"taxonomy":"category","embeddable":true,"href":"https:\/\/archive.sana.sy\/tr\/index.php?rest_route=%2Fwp%2Fv2%2Fcategories&post=306704"},{"taxonomy":"post_tag","embeddable":true,"href":"https:\/\/archive.sana.sy\/tr\/index.php?rest_route=%2Fwp%2Fv2%2Ftags&post=306704"}],"curies":[{"name":"wp","href":"https:\/\/api.w.org\/{rel}","templated":true}]}}