{"id":306725,"date":"2024-08-15T10:55:22","date_gmt":"2024-08-15T07:55:22","guid":{"rendered":"https:\/\/www.sana.sy\/tr\/?p=306725"},"modified":"2024-08-17T08:51:38","modified_gmt":"2024-08-17T05:51:38","slug":"ulusal-deprem-merkezi-son-24-saat-icinde-8-zayif-deprem-kaydedildi","status":"publish","type":"post","link":"https:\/\/archive.sana.sy\/tr\/?p=306725","title":{"rendered":"Ulusal Deprem Merkezi: Son 24 Saat \u0130\u00e7inde 8\u00a0Zay\u0131f Deprem Kaydedildi"},"content":{"rendered":"<p style=\"text-align: justify;\"><strong>\u015eAM (SANA)<\/strong> \u2013 Ulusal Deprem Merkezi, sismik izleme istasyonlar\u0131n\u0131n son 24 saat i\u00e7inde baz\u0131 valiliklerde 8 zay\u0131f \u015fiddette deprem kaydetti\u011fini duyurdu.<\/p>\n<p style=\"text-align: justify;\">Merkez, bug\u00fcn bir n\u00fcshas\u0131 SANA&#8217;ya ula\u015fan a\u00e7\u0131klamada, Hama&#8217;n\u0131n do\u011fusu \u0130dlib&#8217;in kuzeybat\u0131s\u0131ndaki \u0130skenderun il\u00e7esi ve Lazkiye&#8217;nin kuzeybat\u0131s\u0131nda ve Lazkiye&#8217;nin g\u00fcneybat\u0131s\u0131nda sars\u0131nt\u0131lar\u0131n \u015fiddetinin Richter \u00f6l\u00e7e\u011fine g\u00f6re 1,4 ila 3 derece aras\u0131nda de\u011fi\u015fti\u011fi belirtildi.<\/p>\n<p style=\"text-align: justify;\">Merkez ayr\u0131ca, sismik izleme istasyonlar\u0131n\u0131n da ilki Tartus&#8217;un 46 km g\u00fcneydo\u011fusunda, ikincisi ise Suriye-L\u00fcbnan s\u0131n\u0131r\u0131 yak\u0131n\u0131ndaki Tartus&#8217;un 43 km g\u00fcneyinde olmak \u00fczere iki sars\u0131nt\u0131 kaydetti\u011fini de s\u00f6zlerine ekledi.<\/p>\n<p style=\"text-align: center;\"><strong><a href=\"https:\/\/t.me\/SuriyeArapHaberAjansI\">Telegram Kanal\u0131m\u0131z\u00a0<\/a>||<a href=\"https:\/\/twitter.com\/arap_ajans\">X Platformumuz\u00a0<\/a>||<a href=\"https:\/\/www.facebook.com\/SANAHaberAjansi\/\">Facebook Sayfam\u0131z<\/a><\/strong><\/p>\n","protected":false},"excerpt":{"rendered":"<p>\u015eAM (SANA) \u2013 Ulusal Deprem Merkezi, sismik izleme istasyonlar\u0131n\u0131n son 24 saat i\u00e7inde baz\u0131 valiliklerde 8 zay\u0131f \u015fiddette deprem kaydetti\u011fini duyurdu. Merkez, bug\u00fcn bir n\u00fcshas\u0131 SANA&#8217;ya ula\u015fan a\u00e7\u0131klamada, Hama&#8217;n\u0131n do\u011fusu \u0130dlib&#8217;in kuzeybat\u0131s\u0131ndaki \u0130skenderun il\u00e7esi ve Lazkiye&#8217;nin kuzeybat\u0131s\u0131nda ve Lazkiye&#8217;nin g\u00fcneybat\u0131s\u0131nda sars\u0131nt\u0131lar\u0131n \u015fiddetinin Richter \u00f6l\u00e7e\u011fine g\u00f6re 1,4 ila 3 derece aras\u0131nda de\u011fi\u015fti\u011fi belirtildi. Merkez ayr\u0131ca, sismik &hellip;<\/p>\n","protected":false},"author":39,"featured_media":306726,"comment_status":"closed","ping_status":"closed","sticky":false,"template":"","format":"standard","meta":{"footnotes":""},"categories":[479,17988,478],"tags":[38302,42145],"class_list":["post-306725","post","type-post","status-publish","format-standard","has-post-thumbnail","","category-haberler-yerel","category-son-haberler","category-yerel","tag-suriyede-deprem","tag-suriyede-deprem-meydana-geldi"],"_links":{"self":[{"href":"https:\/\/archive.sana.sy\/tr\/index.php?rest_route=\/wp\/v2\/posts\/306725","targetHints":{"allow":["GET"]}}],"collection":[{"href":"https:\/\/archive.sana.sy\/tr\/index.php?rest_route=\/wp\/v2\/posts"}],"about":[{"href":"https:\/\/archive.sana.sy\/tr\/index.php?rest_route=\/wp\/v2\/types\/post"}],"author":[{"embeddable":true,"href":"https:\/\/archive.sana.sy\/tr\/index.php?rest_route=\/wp\/v2\/users\/39"}],"replies":[{"embeddable":true,"href":"https:\/\/archive.sana.sy\/tr\/index.php?rest_route=%2Fwp%2Fv2%2Fcomments&post=306725"}],"version-history":[{"count":8,"href":"https:\/\/archive.sana.sy\/tr\/index.php?rest_route=\/wp\/v2\/posts\/306725\/revisions"}],"predecessor-version":[{"id":306788,"href":"https:\/\/archive.sana.sy\/tr\/index.php?rest_route=\/wp\/v2\/posts\/306725\/revisions\/306788"}],"wp:featuredmedia":[{"embeddable":true,"href":"https:\/\/archive.sana.sy\/tr\/index.php?rest_route=\/wp\/v2\/media\/306726"}],"wp:attachment":[{"href":"https:\/\/archive.sana.sy\/tr\/index.php?rest_route=%2Fwp%2Fv2%2Fmedia&parent=306725"}],"wp:term":[{"taxonomy":"category","embeddable":true,"href":"https:\/\/archive.sana.sy\/tr\/index.php?rest_route=%2Fwp%2Fv2%2Fcategories&post=306725"},{"taxonomy":"post_tag","embeddable":true,"href":"https:\/\/archive.sana.sy\/tr\/index.php?rest_route=%2Fwp%2Fv2%2Ftags&post=306725"}],"curies":[{"name":"wp","href":"https:\/\/api.w.org\/{rel}","templated":true}]}}