{"id":306745,"date":"2024-08-15T11:32:45","date_gmt":"2024-08-15T08:32:45","guid":{"rendered":"https:\/\/www.sana.sy\/tr\/?p=306745"},"modified":"2024-08-17T08:51:38","modified_gmt":"2024-08-17T05:51:38","slug":"dso-monkeypox-maymun-cicegini-kuresel-saglik-acil-durumu-ilan-etti","status":"publish","type":"post","link":"https:\/\/archive.sana.sy\/tr\/?p=306745","title":{"rendered":"DS\u00d6, (Monkeypox) Maymun \u00c7i\u00e7e\u011fini K\u00fcresel Sa\u011fl\u0131k Acil Durumu \u0130lan Etti"},"content":{"rendered":"<p style=\"text-align: justify;\"><strong>CENEVRE<\/strong> <strong>(SANA)<\/strong> \u2013 D\u00fcnya Sa\u011fl\u0131k \u00d6rg\u00fct\u00fc, Afrika&#8217;daki (Monkeypox) maymun \u00e7i\u00e7e\u011fi salg\u0131n\u0131n\u0131n art\u0131k k\u00fcresel bir sa\u011fl\u0131k acil durumu oldu\u011funu ve verebilece\u011fi en y\u00fcksek uyar\u0131 seviyesini ilan etti.<\/p>\n<p style=\"text-align: justify;\">Agence France-Presse, \u00f6rg\u00fct\u00fcn Genel Direkt\u00f6r\u00fc Tedros Adhanom Ghebreyesus&#8217;un bug\u00fcn yapt\u0131\u011f\u0131 a\u00e7\u0131klamada, &#8220;D\u00fcnya Sa\u011fl\u0131k \u00d6rg\u00fct\u00fc, uluslararas\u0131 m\u00fcdahaleyi g\u00fcnler ve haftalar \u00f6ncesinden koordine etmeye, etkilenen \u00fclkelerin her biriyle yak\u0131n \u00e7al\u0131\u015fmaya ve enfeksiyonun bula\u015fmas\u0131n\u0131 \u00f6nlemek, enfekte olanlar\u0131 tedavi etmek ve insanlar\u0131n hayatlar\u0131n\u0131 kurtarmak i\u00e7in sahada harekete ge\u00e7meye kararl\u0131d\u0131r&#8221; diyerek, vir\u00fcs\u00fcn 1B t\u00fcr\u00fcn\u00fcn Demokratik Kongo Cumhuriyeti&#8217;nde ortaya \u00e7\u0131k\u0131p h\u0131zla yay\u0131lmas\u0131n\u0131n ve di\u011fer kom\u015fu \u00fclkelerde de izlenmesinin &#8220;\u00e7ok endi\u015fe verici bir konu&#8221; oldu\u011funa dikkat \u00e7ekti\u011fini aktard\u0131.<\/p>\n<p style=\"text-align: justify;\">Ghebreyesus ayr\u0131ca, ge\u00e7en ay Demokratik Kongo Cumhuriyeti&#8217;ne kom\u015fu d\u00f6rt \u00fclkede yakla\u015f\u0131k 90 1B t\u00fcr\u00fc vakas\u0131n\u0131n kaydedildi\u011fini ifade ederek, Kongo&#8217;daki maymun \u00e7i\u00e7e\u011fi enfeksiyonlar\u0131n\u0131n say\u0131s\u0131n\u0131n 14.000&#8217;den fazla vakaya ula\u015ft\u0131\u011f\u0131n\u0131 ve bu y\u0131l \u015fu ana kadar 524 \u00f6l\u00fcm\u00fcn kaydedildi\u011fini belirtti.<\/p>\n<p style=\"text-align: center;\"><strong><a href=\"https:\/\/t.me\/SuriyeArapHaberAjansI\">Telegram Kanal\u0131m\u0131z\u00a0<\/a>||<a href=\"https:\/\/twitter.com\/arap_ajans\">X Platformumuz\u00a0<\/a>||<a href=\"https:\/\/www.facebook.com\/SANAHaberAjansi\/\">Facebook Sayfam\u0131z<\/a><\/strong><\/p>\n","protected":false},"excerpt":{"rendered":"<p>CENEVRE (SANA) \u2013 D\u00fcnya Sa\u011fl\u0131k \u00d6rg\u00fct\u00fc, Afrika&#8217;daki (Monkeypox) maymun \u00e7i\u00e7e\u011fi salg\u0131n\u0131n\u0131n art\u0131k k\u00fcresel bir sa\u011fl\u0131k acil durumu oldu\u011funu ve verebilece\u011fi en y\u00fcksek uyar\u0131 seviyesini ilan etti. Agence France-Presse, \u00f6rg\u00fct\u00fcn Genel Direkt\u00f6r\u00fc Tedros Adhanom Ghebreyesus&#8217;un bug\u00fcn yapt\u0131\u011f\u0131 a\u00e7\u0131klamada, &#8220;D\u00fcnya Sa\u011fl\u0131k \u00d6rg\u00fct\u00fc, uluslararas\u0131 m\u00fcdahaleyi g\u00fcnler ve haftalar \u00f6ncesinden koordine etmeye, etkilenen \u00fclkelerin her biriyle yak\u0131n \u00e7al\u0131\u015fmaya ve &hellip;<\/p>\n","protected":false},"author":39,"featured_media":306746,"comment_status":"closed","ping_status":"closed","sticky":false,"template":"","format":"standard","meta":{"footnotes":""},"categories":[458,459,17988],"tags":[],"class_list":["post-306745","post","type-post","status-publish","format-standard","has-post-thumbnail","","category-dunya1","category-haberler-arap-uluslararasi-politika","category-son-haberler"],"_links":{"self":[{"href":"https:\/\/archive.sana.sy\/tr\/index.php?rest_route=\/wp\/v2\/posts\/306745","targetHints":{"allow":["GET"]}}],"collection":[{"href":"https:\/\/archive.sana.sy\/tr\/index.php?rest_route=\/wp\/v2\/posts"}],"about":[{"href":"https:\/\/archive.sana.sy\/tr\/index.php?rest_route=\/wp\/v2\/types\/post"}],"author":[{"embeddable":true,"href":"https:\/\/archive.sana.sy\/tr\/index.php?rest_route=\/wp\/v2\/users\/39"}],"replies":[{"embeddable":true,"href":"https:\/\/archive.sana.sy\/tr\/index.php?rest_route=%2Fwp%2Fv2%2Fcomments&post=306745"}],"version-history":[{"count":1,"href":"https:\/\/archive.sana.sy\/tr\/index.php?rest_route=\/wp\/v2\/posts\/306745\/revisions"}],"predecessor-version":[{"id":306747,"href":"https:\/\/archive.sana.sy\/tr\/index.php?rest_route=\/wp\/v2\/posts\/306745\/revisions\/306747"}],"wp:featuredmedia":[{"embeddable":true,"href":"https:\/\/archive.sana.sy\/tr\/index.php?rest_route=\/wp\/v2\/media\/306746"}],"wp:attachment":[{"href":"https:\/\/archive.sana.sy\/tr\/index.php?rest_route=%2Fwp%2Fv2%2Fmedia&parent=306745"}],"wp:term":[{"taxonomy":"category","embeddable":true,"href":"https:\/\/archive.sana.sy\/tr\/index.php?rest_route=%2Fwp%2Fv2%2Fcategories&post=306745"},{"taxonomy":"post_tag","embeddable":true,"href":"https:\/\/archive.sana.sy\/tr\/index.php?rest_route=%2Fwp%2Fv2%2Ftags&post=306745"}],"curies":[{"name":"wp","href":"https:\/\/api.w.org\/{rel}","templated":true}]}}