{"id":306748,"date":"2024-08-15T05:29:27","date_gmt":"2024-08-15T02:29:27","guid":{"rendered":"https:\/\/www.sana.sy\/tr\/?p=306748"},"modified":"2024-08-17T08:51:27","modified_gmt":"2024-08-17T05:51:27","slug":"cin-disisleri-bakanligi-aukusnun-ittifaki-bolgede-baris-ve-guvenligi-koruma-cabalarina-zarar-veriyor","status":"publish","type":"post","link":"https:\/\/archive.sana.sy\/tr\/?p=306748","title":{"rendered":"\u00c7in D\u0131\u015fi\u015fleri Bakanl\u0131\u011f\u0131: AUKUS \u0130ttifak\u0131 B\u00f6lgede Bar\u0131\u015f Ve G\u00fcvenli\u011fin Korunmas\u0131na Y\u00f6nelik \u00c7abalara Zarar Veriyor"},"content":{"rendered":"<p style=\"text-align: justify;\"><strong>PEK\u0130N (SANA)<\/strong> &#8211; \u00c7in, ABD, \u0130ngiltere ve Avustralya aras\u0131ndaki &#8220;AUKUS&#8221; askeri ittifak\u0131na y\u00f6nelik ele\u015ftirisini yineleyerek, bunun b\u00f6lgenin g\u00fcvenli\u011fine ve istikrar\u0131na zarar verdi\u011fini vurgulad\u0131.<\/p>\n<p style=\"text-align: justify;\">Xinhua haber ajans\u0131, \u00c7in D\u0131\u015fi\u015fleri Bakanl\u0131\u011f\u0131 s\u00f6zc\u00fcs\u00fc Lin Jian&#8217;\u0131n gazetecilere \u015funlar\u0131 s\u00f6yledi\u011fini aktard\u0131, &#8220;ABD, \u0130ngiltere ve Avustralya&#8217;n\u0131n n\u00fckleer enerjili denizalt\u0131lar ve di\u011fer ileri askeri teknolojiler alan\u0131nda aralar\u0131ndaki i\u015f birli\u011fini g\u00fc\u00e7lendirmek i\u00e7in &#8220;AUKUS&#8221; ittifak\u0131n\u0131 kurduklar\u0131n\u0131 ve bu ittifaklar\u0131n silahlanma yar\u0131\u015f\u0131n\u0131 k\u0131z\u0131\u015ft\u0131racak, uluslararas\u0131 n\u00fckleer silahlar\u0131n yay\u0131lmas\u0131n\u0131n \u00f6nlenmesi rejimini zay\u0131flatacak, blok siyasetini ve askeri \u00e7at\u0131\u015fmay\u0131 k\u0131\u015fk\u0131rtacak ve b\u00f6lgesel d\u00fczeyde bar\u0131\u015f ve istikrara zarar verecektir.\u201d<\/p>\n<p style=\"text-align: justify;\">\u00c7in D\u0131\u015fi\u015fleri Bakanl\u0131\u011f\u0131 s\u00f6zc\u00fcs\u00fc Jian, &#8220;AUKUS ittifak\u0131n\u0131n N\u00fckleer Silahlar\u0131n Yay\u0131lmas\u0131n\u0131n \u00d6nlenmesi Anla\u015fmas\u0131&#8217;n\u0131n hedefiyle \u00e7eli\u015fti\u011fini, \u00e7\u00fcnk\u00fc bu ittifak\u0131n, n\u00fckleer g\u00fc\u00e7le \u00e7al\u0131\u015fan denizalt\u0131 reakt\u00f6rlerinin ve b\u00fcy\u00fck miktarda silah d\u00fczeyinde y\u00fcksek derecede zenginle\u015ftirilmi\u015f uranyumun n\u00fckleer silaha sahip \u00fclkelerden n\u00fckleer silaha sahip olmayan devletlere aktar\u0131lmas\u0131n\u0131 i\u00e7eriyor ve bu da n\u00fckleer silahlar\u0131n yay\u0131lmas\u0131na y\u00f6nelik ciddi riskler olu\u015fturuyor&#8221; dedi.<\/p>\n<p style=\"text-align: justify;\">Jian, N\u00fckleer Silahlar\u0131n Yay\u0131lmas\u0131n\u0131n \u00d6nlenmesi Anla\u015fmas\u0131na Taraf Devletler 11. G\u00f6zden Ge\u00e7irme Konferans\u0131 Haz\u0131rl\u0131k Komitesi&#8217;nin ikinci ve son oturumunda \u00c7in ve b\u00f6lgedeki ilgili \u00fclkelerin bu konudaki ciddi endi\u015felerini ve g\u00fc\u00e7l\u00fc muhalefetlerini dile getirdiklerini s\u00f6zlerine ekleyerek, AUKUS ittifak\u0131 \u00fclkelerinin, uluslararas\u0131 toplum garantiler ve di\u011fer konularda fikir birli\u011fine var\u0131ncaya kadar bu i\u015fbirli\u011finde ilerlememesi gerekti\u011fini vurgulad\u0131.<\/p>\n<p style=\"text-align: center;\"><strong><a href=\"https:\/\/t.me\/SuriyeArapHaberAjansI\">Telegram Kanal\u0131m\u0131z\u00a0<\/a>||<a href=\"https:\/\/twitter.com\/arap_ajans\">X Platformumuz\u00a0<\/a>||<a href=\"https:\/\/www.facebook.com\/SANAHaberAjansi\/\">Facebook Sayfam\u0131z<\/a><\/strong><\/p>\n","protected":false},"excerpt":{"rendered":"<p>PEK\u0130N (SANA) &#8211; \u00c7in, ABD, \u0130ngiltere ve Avustralya aras\u0131ndaki &#8220;AUKUS&#8221; askeri ittifak\u0131na y\u00f6nelik ele\u015ftirisini yineleyerek, bunun b\u00f6lgenin g\u00fcvenli\u011fine ve istikrar\u0131na zarar verdi\u011fini vurgulad\u0131. Xinhua haber ajans\u0131, \u00c7in D\u0131\u015fi\u015fleri Bakanl\u0131\u011f\u0131 s\u00f6zc\u00fcs\u00fc Lin Jian&#8217;\u0131n gazetecilere \u015funlar\u0131 s\u00f6yledi\u011fini aktard\u0131, &#8220;ABD, \u0130ngiltere ve Avustralya&#8217;n\u0131n n\u00fckleer enerjili denizalt\u0131lar ve di\u011fer ileri askeri teknolojiler alan\u0131nda aralar\u0131ndaki i\u015f birli\u011fini g\u00fc\u00e7lendirmek i\u00e7in &#8220;AUKUS&#8221; &hellip;<\/p>\n","protected":false},"author":39,"featured_media":306749,"comment_status":"closed","ping_status":"closed","sticky":false,"template":"","format":"standard","meta":{"footnotes":""},"categories":[458,459,17988],"tags":[],"class_list":["post-306748","post","type-post","status-publish","format-standard","has-post-thumbnail","","category-dunya1","category-haberler-arap-uluslararasi-politika","category-son-haberler"],"_links":{"self":[{"href":"https:\/\/archive.sana.sy\/tr\/index.php?rest_route=\/wp\/v2\/posts\/306748","targetHints":{"allow":["GET"]}}],"collection":[{"href":"https:\/\/archive.sana.sy\/tr\/index.php?rest_route=\/wp\/v2\/posts"}],"about":[{"href":"https:\/\/archive.sana.sy\/tr\/index.php?rest_route=\/wp\/v2\/types\/post"}],"author":[{"embeddable":true,"href":"https:\/\/archive.sana.sy\/tr\/index.php?rest_route=\/wp\/v2\/users\/39"}],"replies":[{"embeddable":true,"href":"https:\/\/archive.sana.sy\/tr\/index.php?rest_route=%2Fwp%2Fv2%2Fcomments&post=306748"}],"version-history":[{"count":3,"href":"https:\/\/archive.sana.sy\/tr\/index.php?rest_route=\/wp\/v2\/posts\/306748\/revisions"}],"predecessor-version":[{"id":306752,"href":"https:\/\/archive.sana.sy\/tr\/index.php?rest_route=\/wp\/v2\/posts\/306748\/revisions\/306752"}],"wp:featuredmedia":[{"embeddable":true,"href":"https:\/\/archive.sana.sy\/tr\/index.php?rest_route=\/wp\/v2\/media\/306749"}],"wp:attachment":[{"href":"https:\/\/archive.sana.sy\/tr\/index.php?rest_route=%2Fwp%2Fv2%2Fmedia&parent=306748"}],"wp:term":[{"taxonomy":"category","embeddable":true,"href":"https:\/\/archive.sana.sy\/tr\/index.php?rest_route=%2Fwp%2Fv2%2Fcategories&post=306748"},{"taxonomy":"post_tag","embeddable":true,"href":"https:\/\/archive.sana.sy\/tr\/index.php?rest_route=%2Fwp%2Fv2%2Ftags&post=306748"}],"curies":[{"name":"wp","href":"https:\/\/api.w.org\/{rel}","templated":true}]}}