{"id":306758,"date":"2024-08-15T13:04:26","date_gmt":"2024-08-15T10:04:26","guid":{"rendered":"https:\/\/www.sana.sy\/tr\/?p=306758"},"modified":"2024-08-17T08:51:44","modified_gmt":"2024-08-17T05:51:44","slug":"hindistanin-sam-buyukelciligi-hindistanin-bagimsizliginin-78-yildonumu-munasebetiyle-toren-duzenledi","status":"publish","type":"post","link":"https:\/\/archive.sana.sy\/tr\/?p=306758","title":{"rendered":"Hindistan&#8217;\u0131n \u015eam B\u00fcy\u00fckel\u00e7ili\u011fi, Hindistan&#8217;\u0131n Ba\u011f\u0131ms\u0131zl\u0131\u011f\u0131n\u0131n 78. Y\u0131ld\u00f6n\u00fcm\u00fc M\u00fcnasebetiyle T\u00f6ren D\u00fczenledi"},"content":{"rendered":"<p style=\"text-align: justify;\"><strong>\u015eAM (SANA) \u2013<\/strong> Hindistan&#8217;\u0131n \u015eam B\u00fcy\u00fckel\u00e7ili\u011fi bu sabah, Hindistan&#8217;\u0131n ba\u011f\u0131ms\u0131zl\u0131\u011f\u0131n\u0131n 78. y\u0131ld\u00f6n\u00fcm\u00fc m\u00fcnasebetiyle b\u00fcy\u00fckel\u00e7ilik merkezinde Hindistan bayra\u011f\u0131n\u0131 selamlama t\u00f6reni d\u00fczenledi.<\/p>\n<p style=\"text-align: justify;\"><img loading=\"lazy\" decoding=\"async\" class=\"size-medium wp-image-306770 alignright\" src=\"http:\/\/www.sana.sy\/tr\/wp-content\/uploads\/2024\/08\/0-25-300x200.jpg\" alt=\"\" width=\"300\" height=\"200\" srcset=\"https:\/\/archive.sana.sy\/tr\/wp-content\/uploads\/2024\/08\/0-25-300x200.jpg 300w, https:\/\/archive.sana.sy\/tr\/wp-content\/uploads\/2024\/08\/0-25.jpg 660w\" sizes=\"auto, (max-width: 300px) 100vw, 300px\" \/>Hindistan&#8217;\u0131n \u015eam B\u00fcy\u00fckel\u00e7isi \u0130r\u015fad Ahmed, Hindistan&#8217;\u0131n ba\u011f\u0131ms\u0131zl\u0131\u011f\u0131ndan g\u00fcn\u00fcm\u00fcze kadar ge\u00e7irdi\u011fi en \u00f6nemli a\u015famalar\u0131 ve basit bir \u00fclkeden g\u00fc\u00e7l\u00fc bir \u00fclkeye d\u00f6n\u00fc\u015f\u00fcm\u00fcn\u00fc de\u011ferlendirerek, &#8220;Ulusal G\u00fcn, askerler, \u00e7ift\u00e7iler, liderler, doktorlar, \u00f6\u011fretmenler ve di\u011ferleri de dahil olmak \u00fczere her kesimden Hint halk\u0131n\u0131n ba\u011f\u0131ms\u0131zl\u0131\u011fa ula\u015fmak i\u00e7in verdikleri fedakarl\u0131klar\u0131n\u0131 ve cesaretlerini anma g\u00fcn\u00fcd\u00fcr&#8221; dedi.<\/p>\n<p style=\"text-align: justify;\">B\u00fcy\u00fckel\u00e7i Ahmed, Suriye liderli\u011fini ve halk\u0131n\u0131 selamlayarak, Suriye i\u00e7in refah ve b\u00fcy\u00fcme umudunu dile getirdi.<\/p>\n<p style=\"text-align: justify;\">\u0130r\u015fad Ahmed, gazetecilere yapt\u0131\u011f\u0131 a\u00e7\u0131klamada, Hindistan-Suriye ili\u015fkilerinin y\u00fczy\u0131llard\u0131r derin ve g\u00fc\u00e7l\u00fc oldu\u011funu, Suriye&#8217;de ter\u00f6r\u00fcn yenilgiye u\u011frat\u0131lmas\u0131n\u0131n ard\u0131ndan parlakl\u0131\u011f\u0131n\u0131n artt\u0131\u011f\u0131n\u0131 vurgulayarak, ikili ili\u015fkilerin geli\u015fmesi ve refaha ula\u015fmas\u0131 y\u00f6n\u00fcndeki umudunu dile getirdi.<\/p>\n<p style=\"text-align: center;\"><strong><a href=\"https:\/\/t.me\/SuriyeArapHaberAjansI\">Telegram Kanal\u0131m\u0131z\u00a0<\/a>||<a href=\"https:\/\/twitter.com\/arap_ajans\">X Platformumuz\u00a0<\/a>||<a href=\"https:\/\/www.facebook.com\/SANAHaberAjansi\/\">Facebook Sayfam\u0131z<\/a><\/strong><\/p>\n<div id='gallery-1' class='gallery galleryid-306758 gallery-columns-1 gallery-size-full'><figure class='gallery-item'>\n\t\t\t<div class='gallery-icon portrait'>\n\t\t\t\t<a href='https:\/\/archive.sana.sy\/tr\/wp-content\/uploads\/2024\/08\/000000000.jpg'><img loading=\"lazy\" decoding=\"async\" width=\"660\" height=\"992\" src=\"https:\/\/archive.sana.sy\/tr\/wp-content\/uploads\/2024\/08\/000000000.jpg\" class=\"attachment-full size-full\" alt=\"\" srcset=\"https:\/\/archive.sana.sy\/tr\/wp-content\/uploads\/2024\/08\/000000000.jpg 660w, https:\/\/archive.sana.sy\/tr\/wp-content\/uploads\/2024\/08\/000000000-200x300.jpg 200w\" sizes=\"auto, (max-width: 660px) 100vw, 660px\" \/><\/a>\n\t\t\t<\/div><\/figure><figure class='gallery-item'>\n\t\t\t<div class='gallery-icon landscape'>\n\t\t\t\t<a href='https:\/\/archive.sana.sy\/tr\/wp-content\/uploads\/2024\/08\/00000000-2.jpg'><img loading=\"lazy\" decoding=\"async\" width=\"660\" height=\"416\" src=\"https:\/\/archive.sana.sy\/tr\/wp-content\/uploads\/2024\/08\/00000000-2.jpg\" class=\"attachment-full size-full\" alt=\"\" srcset=\"https:\/\/archive.sana.sy\/tr\/wp-content\/uploads\/2024\/08\/00000000-2.jpg 660w, https:\/\/archive.sana.sy\/tr\/wp-content\/uploads\/2024\/08\/00000000-2-300x189.jpg 300w\" sizes=\"auto, (max-width: 660px) 100vw, 660px\" \/><\/a>\n\t\t\t<\/div><\/figure><figure class='gallery-item'>\n\t\t\t<div class='gallery-icon landscape'>\n\t\t\t\t<a href='https:\/\/archive.sana.sy\/tr\/wp-content\/uploads\/2024\/08\/0000000.jpg'><img loading=\"lazy\" decoding=\"async\" width=\"660\" height=\"439\" src=\"https:\/\/archive.sana.sy\/tr\/wp-content\/uploads\/2024\/08\/0000000.jpg\" class=\"attachment-full size-full\" alt=\"\" srcset=\"https:\/\/archive.sana.sy\/tr\/wp-content\/uploads\/2024\/08\/0000000.jpg 660w, https:\/\/archive.sana.sy\/tr\/wp-content\/uploads\/2024\/08\/0000000-300x200.jpg 300w, https:\/\/archive.sana.sy\/tr\/wp-content\/uploads\/2024\/08\/0000000-310x205.jpg 310w\" sizes=\"auto, (max-width: 660px) 100vw, 660px\" \/><\/a>\n\t\t\t<\/div><\/figure><figure class='gallery-item'>\n\t\t\t<div class='gallery-icon landscape'>\n\t\t\t\t<a href='https:\/\/archive.sana.sy\/tr\/wp-content\/uploads\/2024\/08\/000000.jpg'><img loading=\"lazy\" decoding=\"async\" width=\"660\" height=\"432\" src=\"https:\/\/archive.sana.sy\/tr\/wp-content\/uploads\/2024\/08\/000000.jpg\" class=\"attachment-full size-full\" alt=\"\" srcset=\"https:\/\/archive.sana.sy\/tr\/wp-content\/uploads\/2024\/08\/000000.jpg 660w, https:\/\/archive.sana.sy\/tr\/wp-content\/uploads\/2024\/08\/000000-300x196.jpg 300w\" sizes=\"auto, (max-width: 660px) 100vw, 660px\" \/><\/a>\n\t\t\t<\/div><\/figure><figure class='gallery-item'>\n\t\t\t<div class='gallery-icon landscape'>\n\t\t\t\t<a href='https:\/\/archive.sana.sy\/tr\/wp-content\/uploads\/2024\/08\/00000-2.jpg'><img loading=\"lazy\" decoding=\"async\" width=\"660\" height=\"439\" src=\"https:\/\/archive.sana.sy\/tr\/wp-content\/uploads\/2024\/08\/00000-2.jpg\" class=\"attachment-full size-full\" alt=\"\" srcset=\"https:\/\/archive.sana.sy\/tr\/wp-content\/uploads\/2024\/08\/00000-2.jpg 660w, https:\/\/archive.sana.sy\/tr\/wp-content\/uploads\/2024\/08\/00000-2-300x200.jpg 300w, https:\/\/archive.sana.sy\/tr\/wp-content\/uploads\/2024\/08\/00000-2-310x205.jpg 310w\" sizes=\"auto, (max-width: 660px) 100vw, 660px\" \/><\/a>\n\t\t\t<\/div><\/figure><figure class='gallery-item'>\n\t\t\t<div class='gallery-icon landscape'>\n\t\t\t\t<a href='https:\/\/archive.sana.sy\/tr\/wp-content\/uploads\/2024\/08\/0000-1.jpg'><img loading=\"lazy\" decoding=\"async\" width=\"660\" height=\"439\" src=\"https:\/\/archive.sana.sy\/tr\/wp-content\/uploads\/2024\/08\/0000-1.jpg\" class=\"attachment-full size-full\" alt=\"\" srcset=\"https:\/\/archive.sana.sy\/tr\/wp-content\/uploads\/2024\/08\/0000-1.jpg 660w, https:\/\/archive.sana.sy\/tr\/wp-content\/uploads\/2024\/08\/0000-1-300x200.jpg 300w, https:\/\/archive.sana.sy\/tr\/wp-content\/uploads\/2024\/08\/0000-1-310x205.jpg 310w\" sizes=\"auto, (max-width: 660px) 100vw, 660px\" \/><\/a>\n\t\t\t<\/div><\/figure><figure class='gallery-item'>\n\t\t\t<div class='gallery-icon landscape'>\n\t\t\t\t<a href='https:\/\/archive.sana.sy\/tr\/wp-content\/uploads\/2024\/08\/000.jpg'><img loading=\"lazy\" decoding=\"async\" width=\"660\" height=\"439\" src=\"https:\/\/archive.sana.sy\/tr\/wp-content\/uploads\/2024\/08\/000.jpg\" class=\"attachment-full size-full\" alt=\"\" srcset=\"https:\/\/archive.sana.sy\/tr\/wp-content\/uploads\/2024\/08\/000.jpg 660w, https:\/\/archive.sana.sy\/tr\/wp-content\/uploads\/2024\/08\/000-300x200.jpg 300w, https:\/\/archive.sana.sy\/tr\/wp-content\/uploads\/2024\/08\/000-310x205.jpg 310w\" sizes=\"auto, (max-width: 660px) 100vw, 660px\" \/><\/a>\n\t\t\t<\/div><\/figure><figure class='gallery-item'>\n\t\t\t<div class='gallery-icon landscape'>\n\t\t\t\t<a href='https:\/\/archive.sana.sy\/tr\/wp-content\/uploads\/2024\/08\/00-1.jpg'><img loading=\"lazy\" decoding=\"async\" width=\"660\" height=\"447\" src=\"https:\/\/archive.sana.sy\/tr\/wp-content\/uploads\/2024\/08\/00-1.jpg\" class=\"attachment-full size-full\" alt=\"\" srcset=\"https:\/\/archive.sana.sy\/tr\/wp-content\/uploads\/2024\/08\/00-1.jpg 660w, https:\/\/archive.sana.sy\/tr\/wp-content\/uploads\/2024\/08\/00-1-300x203.jpg 300w, https:\/\/archive.sana.sy\/tr\/wp-content\/uploads\/2024\/08\/00-1-110x75.jpg 110w\" sizes=\"auto, (max-width: 660px) 100vw, 660px\" \/><\/a>\n\t\t\t<\/div><\/figure>\n\t\t<\/div>\n\n","protected":false},"excerpt":{"rendered":"<p>\u015eAM (SANA) \u2013 Hindistan&#8217;\u0131n \u015eam B\u00fcy\u00fckel\u00e7ili\u011fi bu sabah, Hindistan&#8217;\u0131n ba\u011f\u0131ms\u0131zl\u0131\u011f\u0131n\u0131n 78. y\u0131ld\u00f6n\u00fcm\u00fc m\u00fcnasebetiyle b\u00fcy\u00fckel\u00e7ilik merkezinde Hindistan bayra\u011f\u0131n\u0131 selamlama t\u00f6reni d\u00fczenledi. Hindistan&#8217;\u0131n \u015eam B\u00fcy\u00fckel\u00e7isi \u0130r\u015fad Ahmed, Hindistan&#8217;\u0131n ba\u011f\u0131ms\u0131zl\u0131\u011f\u0131ndan g\u00fcn\u00fcm\u00fcze kadar ge\u00e7irdi\u011fi en \u00f6nemli a\u015famalar\u0131 ve basit bir \u00fclkeden g\u00fc\u00e7l\u00fc bir \u00fclkeye d\u00f6n\u00fc\u015f\u00fcm\u00fcn\u00fc de\u011ferlendirerek, &#8220;Ulusal G\u00fcn, askerler, \u00e7ift\u00e7iler, liderler, doktorlar, \u00f6\u011fretmenler ve di\u011ferleri de dahil olmak \u00fczere &hellip;<\/p>\n","protected":false},"author":39,"featured_media":306759,"comment_status":"closed","ping_status":"closed","sticky":false,"template":"","format":"standard","meta":{"footnotes":""},"categories":[479,17988,478],"tags":[],"class_list":["post-306758","post","type-post","status-publish","format-standard","has-post-thumbnail","","category-haberler-yerel","category-son-haberler","category-yerel"],"_links":{"self":[{"href":"https:\/\/archive.sana.sy\/tr\/index.php?rest_route=\/wp\/v2\/posts\/306758","targetHints":{"allow":["GET"]}}],"collection":[{"href":"https:\/\/archive.sana.sy\/tr\/index.php?rest_route=\/wp\/v2\/posts"}],"about":[{"href":"https:\/\/archive.sana.sy\/tr\/index.php?rest_route=\/wp\/v2\/types\/post"}],"author":[{"embeddable":true,"href":"https:\/\/archive.sana.sy\/tr\/index.php?rest_route=\/wp\/v2\/users\/39"}],"replies":[{"embeddable":true,"href":"https:\/\/archive.sana.sy\/tr\/index.php?rest_route=%2Fwp%2Fv2%2Fcomments&post=306758"}],"version-history":[{"count":3,"href":"https:\/\/archive.sana.sy\/tr\/index.php?rest_route=\/wp\/v2\/posts\/306758\/revisions"}],"predecessor-version":[{"id":306771,"href":"https:\/\/archive.sana.sy\/tr\/index.php?rest_route=\/wp\/v2\/posts\/306758\/revisions\/306771"}],"wp:featuredmedia":[{"embeddable":true,"href":"https:\/\/archive.sana.sy\/tr\/index.php?rest_route=\/wp\/v2\/media\/306759"}],"wp:attachment":[{"href":"https:\/\/archive.sana.sy\/tr\/index.php?rest_route=%2Fwp%2Fv2%2Fmedia&parent=306758"}],"wp:term":[{"taxonomy":"category","embeddable":true,"href":"https:\/\/archive.sana.sy\/tr\/index.php?rest_route=%2Fwp%2Fv2%2Fcategories&post=306758"},{"taxonomy":"post_tag","embeddable":true,"href":"https:\/\/archive.sana.sy\/tr\/index.php?rest_route=%2Fwp%2Fv2%2Ftags&post=306758"}],"curies":[{"name":"wp","href":"https:\/\/api.w.org\/{rel}","templated":true}]}}