{"id":306772,"date":"2024-08-15T17:03:46","date_gmt":"2024-08-15T14:03:46","guid":{"rendered":"https:\/\/sana.sy\/tr\/?p=306772"},"modified":"2024-08-17T08:51:50","modified_gmt":"2024-08-17T05:51:50","slug":"suriyenin-belarus-buyukelcisi-agir-kalp-krizinden-hayatini-kaybetti","status":"publish","type":"post","link":"https:\/\/archive.sana.sy\/tr\/?p=306772","title":{"rendered":"Suriye&#8217;nin Belarus B\u00fcy\u00fckel\u00e7isi A\u011f\u0131r Kalp Krizinden Hayat\u0131n\u0131 Kaybetti"},"content":{"rendered":"<p style=\"text-align: justify;\"><strong>M\u0130NSK (SANA) &#8211;<\/strong> D\u0131\u015fi\u015fleri Bakanl\u0131\u011f\u0131 ve Gurbet\u00e7iler, bu sabah ba\u015fkent Minsk&#8217;te a\u011f\u0131r kalp krizi sonucu hayat\u0131n\u0131 kaybeden Suriye Arap Cumhuriyeti&#8217;nin Belarus B\u00fcy\u00fckel\u00e7isi B\u00fcy\u00fckel\u00e7i Muhammad El \u00dcmrani&#8217;yi b\u00fcy\u00fck bir \u00fcz\u00fcnt\u00fcyle vefatini duyrudu.<\/p>\n<p style=\"text-align: justify;\">Bakanl\u0131k Facebook sayfas\u0131nda \u015funlar\u0131 s\u00f6yledi: \u2018\u2019D\u0131\u015fi\u015fleri ve gurbet\u00e7iler bakan\u0131, ve bakanl\u0131k \u00e7al\u0131\u015fanlar\u0131, merhumun ailesine taziyelerini sunarken, Allah&#8217;tan rahmet ve ma\u011ffiret, ailesine sab\u0131r ve teselli vermesini niyaz ediyor.\u2019\u2019<\/p>\n<p style=\"text-align: center;\"><strong><a href=\"https:\/\/t.me\/SuriyeArapHaberAjansI\">Telegram Kanal\u0131m\u0131z\u00a0<\/a>||<a href=\"https:\/\/twitter.com\/arap_ajans\">X Platformumuz\u00a0<\/a>||<a href=\"https:\/\/www.facebook.com\/SANAHaberAjansi\/\">Facebook Sayfam\u0131z<\/a><\/strong><\/p>\n","protected":false},"excerpt":{"rendered":"<p>M\u0130NSK (SANA) &#8211; D\u0131\u015fi\u015fleri Bakanl\u0131\u011f\u0131 ve Gurbet\u00e7iler, bu sabah ba\u015fkent Minsk&#8217;te a\u011f\u0131r kalp krizi sonucu hayat\u0131n\u0131 kaybeden Suriye Arap Cumhuriyeti&#8217;nin Belarus B\u00fcy\u00fckel\u00e7isi B\u00fcy\u00fckel\u00e7i Muhammad El \u00dcmrani&#8217;yi b\u00fcy\u00fck bir \u00fcz\u00fcnt\u00fcyle vefatini duyrudu. Bakanl\u0131k Facebook sayfas\u0131nda \u015funlar\u0131 s\u00f6yledi: \u2018\u2019D\u0131\u015fi\u015fleri ve gurbet\u00e7iler bakan\u0131, ve bakanl\u0131k \u00e7al\u0131\u015fanlar\u0131, merhumun ailesine taziyelerini sunarken, Allah&#8217;tan rahmet ve ma\u011ffiret, ailesine sab\u0131r ve teselli &hellip;<\/p>\n","protected":false},"author":41,"featured_media":306773,"comment_status":"closed","ping_status":"closed","sticky":false,"template":"","format":"standard","meta":{"footnotes":""},"categories":[458,459,17988],"tags":[42143],"class_list":["post-306772","post","type-post","status-publish","format-standard","has-post-thumbnail","","category-dunya1","category-haberler-arap-uluslararasi-politika","category-son-haberler","tag-suriyenin-belarus-buyukelcisi-agir-kalp-krizinden-hayatini-kaybetti"],"_links":{"self":[{"href":"https:\/\/archive.sana.sy\/tr\/index.php?rest_route=\/wp\/v2\/posts\/306772","targetHints":{"allow":["GET"]}}],"collection":[{"href":"https:\/\/archive.sana.sy\/tr\/index.php?rest_route=\/wp\/v2\/posts"}],"about":[{"href":"https:\/\/archive.sana.sy\/tr\/index.php?rest_route=\/wp\/v2\/types\/post"}],"author":[{"embeddable":true,"href":"https:\/\/archive.sana.sy\/tr\/index.php?rest_route=\/wp\/v2\/users\/41"}],"replies":[{"embeddable":true,"href":"https:\/\/archive.sana.sy\/tr\/index.php?rest_route=%2Fwp%2Fv2%2Fcomments&post=306772"}],"version-history":[{"count":2,"href":"https:\/\/archive.sana.sy\/tr\/index.php?rest_route=\/wp\/v2\/posts\/306772\/revisions"}],"predecessor-version":[{"id":306786,"href":"https:\/\/archive.sana.sy\/tr\/index.php?rest_route=\/wp\/v2\/posts\/306772\/revisions\/306786"}],"wp:featuredmedia":[{"embeddable":true,"href":"https:\/\/archive.sana.sy\/tr\/index.php?rest_route=\/wp\/v2\/media\/306773"}],"wp:attachment":[{"href":"https:\/\/archive.sana.sy\/tr\/index.php?rest_route=%2Fwp%2Fv2%2Fmedia&parent=306772"}],"wp:term":[{"taxonomy":"category","embeddable":true,"href":"https:\/\/archive.sana.sy\/tr\/index.php?rest_route=%2Fwp%2Fv2%2Fcategories&post=306772"},{"taxonomy":"post_tag","embeddable":true,"href":"https:\/\/archive.sana.sy\/tr\/index.php?rest_route=%2Fwp%2Fv2%2Ftags&post=306772"}],"curies":[{"name":"wp","href":"https:\/\/api.w.org\/{rel}","templated":true}]}}