{"id":306775,"date":"2024-08-15T15:09:11","date_gmt":"2024-08-15T12:09:11","guid":{"rendered":"https:\/\/sana.sy\/tr\/?p=306775"},"modified":"2024-08-17T08:51:46","modified_gmt":"2024-08-17T05:51:46","slug":"israilin-gazze-saldirganliginda-40-bin-sehit","status":"publish","type":"post","link":"https:\/\/archive.sana.sy\/tr\/?p=306775","title":{"rendered":"\u0130srail&#8217;in Gazze Sald\u0131rganl\u0131\u011f\u0131nda 40 Bin \u015eehit"},"content":{"rendered":"<p style=\"text-align: justify;\"><strong>\u0130\u015eGAL ED\u0130LEN KUD\u00dcS (SANA)<\/strong> \u2013 \u0130\u015fgalci \u0130srail\u2019in Gazze \u015eeridi&#8217;nde y\u00fcr\u00fctt\u00fc\u011f\u00fc soyk\u0131r\u0131m sava\u015f\u0131n\u0131n kurbanlar\u0131n\u0131n say\u0131s\u0131 314&#8217;\u00fcnc\u00fc g\u00fcn\u00fcnde 40 bini a\u015fk\u0131n \u015fehit ve 92 bini a\u015fk\u0131n yaral\u0131ya y\u00fckseldi.<\/p>\n<p style=\"text-align: justify;\">Filistin Sa\u011fl\u0131k Bakanl\u0131\u011f\u0131 bug\u00fcn yapt\u0131\u011f\u0131 a\u00e7\u0131klamada \u015funlar\u0131 s\u00f6yledi: \u2018\u2019Siyonist d\u00fc\u015fman, son 24 saatte Gazze \u015eeridi&#8217;nde 3 katliam ger\u00e7ekle\u015ftirdi; bunlardan 40&#8217;\u0131 \u015fehit, 107&#8217;si yaral\u0131 hastanelere ula\u015ft\u0131. B\u00f6ylece ge\u00e7en Ekim ay\u0131n\u0131n 7&#8217;sinden bu yana devam eden sald\u0131rganl\u0131\u011f\u0131n\u0131n kurbanlar\u0131n\u0131n say\u0131s\u0131 40.005 \u015fehit ve 92.401 yaral\u0131ya ula\u015ft\u0131.\u2019\u2019<\/p>\n<p style=\"text-align: justify;\">Bakanl\u0131k, sald\u0131r\u0131da \u015fehit olanlar\u0131n yar\u0131s\u0131ndan fazlas\u0131n\u0131n \u00e7ocuk ve kad\u0131n, y\u00fczde 33&#8217;\u00fcn\u00fcn \u00e7ocuk, y\u00fczde 18,4&#8217;\u00fcn\u00fcn kad\u0131n, y\u00fczde 8,6&#8217;s\u0131n\u0131n ise ya\u015fl\u0131lardan olu\u015ftu\u011funu a\u00e7\u0131klarken de, bir dizi kurban\u0131n hala moloz alt\u0131nda ve yollarda oldu\u011funu ve ambulans ve sivil savunma ekiplerinin onlara ula\u015famayaca\u011f\u0131na dikkat \u00e7ekti.<\/p>\n<p style=\"text-align: center;\"><strong><a href=\"https:\/\/t.me\/SuriyeArapHaberAjansI\">Telegram Kanal\u0131m\u0131z\u00a0<\/a>||<a href=\"https:\/\/twitter.com\/arap_ajans\">X Platformumuz\u00a0<\/a>||<a href=\"https:\/\/www.facebook.com\/SANAHaberAjansi\/\">Facebook Sayfam\u0131z<\/a><\/strong><\/p>\n","protected":false},"excerpt":{"rendered":"<p>\u0130\u015eGAL ED\u0130LEN KUD\u00dcS (SANA) \u2013 \u0130\u015fgalci \u0130srail\u2019in Gazze \u015eeridi&#8217;nde y\u00fcr\u00fctt\u00fc\u011f\u00fc soyk\u0131r\u0131m sava\u015f\u0131n\u0131n kurbanlar\u0131n\u0131n say\u0131s\u0131 314&#8217;\u00fcnc\u00fc g\u00fcn\u00fcnde 40 bini a\u015fk\u0131n \u015fehit ve 92 bini a\u015fk\u0131n yaral\u0131ya y\u00fckseldi. Filistin Sa\u011fl\u0131k Bakanl\u0131\u011f\u0131 bug\u00fcn yapt\u0131\u011f\u0131 a\u00e7\u0131klamada \u015funlar\u0131 s\u00f6yledi: \u2018\u2019Siyonist d\u00fc\u015fman, son 24 saatte Gazze \u015eeridi&#8217;nde 3 katliam ger\u00e7ekle\u015ftirdi; bunlardan 40&#8217;\u0131 \u015fehit, 107&#8217;si yaral\u0131 hastanelere ula\u015ft\u0131. B\u00f6ylece ge\u00e7en Ekim ay\u0131n\u0131n &hellip;<\/p>\n","protected":false},"author":41,"featured_media":306777,"comment_status":"closed","ping_status":"closed","sticky":false,"template":"","format":"standard","meta":{"footnotes":""},"categories":[458,459,17988],"tags":[42144],"class_list":["post-306775","post","type-post","status-publish","format-standard","has-post-thumbnail","","category-dunya1","category-haberler-arap-uluslararasi-politika","category-son-haberler","tag-israilin-gazze-saldirganliginda-40-bin-sehit"],"_links":{"self":[{"href":"https:\/\/archive.sana.sy\/tr\/index.php?rest_route=\/wp\/v2\/posts\/306775","targetHints":{"allow":["GET"]}}],"collection":[{"href":"https:\/\/archive.sana.sy\/tr\/index.php?rest_route=\/wp\/v2\/posts"}],"about":[{"href":"https:\/\/archive.sana.sy\/tr\/index.php?rest_route=\/wp\/v2\/types\/post"}],"author":[{"embeddable":true,"href":"https:\/\/archive.sana.sy\/tr\/index.php?rest_route=\/wp\/v2\/users\/41"}],"replies":[{"embeddable":true,"href":"https:\/\/archive.sana.sy\/tr\/index.php?rest_route=%2Fwp%2Fv2%2Fcomments&post=306775"}],"version-history":[{"count":1,"href":"https:\/\/archive.sana.sy\/tr\/index.php?rest_route=\/wp\/v2\/posts\/306775\/revisions"}],"predecessor-version":[{"id":306776,"href":"https:\/\/archive.sana.sy\/tr\/index.php?rest_route=\/wp\/v2\/posts\/306775\/revisions\/306776"}],"wp:featuredmedia":[{"embeddable":true,"href":"https:\/\/archive.sana.sy\/tr\/index.php?rest_route=\/wp\/v2\/media\/306777"}],"wp:attachment":[{"href":"https:\/\/archive.sana.sy\/tr\/index.php?rest_route=%2Fwp%2Fv2%2Fmedia&parent=306775"}],"wp:term":[{"taxonomy":"category","embeddable":true,"href":"https:\/\/archive.sana.sy\/tr\/index.php?rest_route=%2Fwp%2Fv2%2Fcategories&post=306775"},{"taxonomy":"post_tag","embeddable":true,"href":"https:\/\/archive.sana.sy\/tr\/index.php?rest_route=%2Fwp%2Fv2%2Ftags&post=306775"}],"curies":[{"name":"wp","href":"https:\/\/api.w.org\/{rel}","templated":true}]}}