{"id":306778,"date":"2024-08-15T17:26:34","date_gmt":"2024-08-15T14:26:34","guid":{"rendered":"https:\/\/sana.sy\/tr\/?p=306778"},"modified":"2024-08-17T08:52:07","modified_gmt":"2024-08-17T05:52:07","slug":"egitim-bakanligi-lise-ve-ortaogretim-sinavlarinda-65-basarili-ogrenciyi-odullendirdi","status":"publish","type":"post","link":"https:\/\/archive.sana.sy\/tr\/?p=306778","title":{"rendered":"E\u011fitim Bakanl\u0131\u011f\u0131, Lise Ve Orta\u00f6\u011fretim S\u0131navlar\u0131nda 65 Ba\u015far\u0131l\u0131 \u00d6\u011frenciyi \u00d6d\u00fcllendirdi"},"content":{"rendered":"<p style=\"text-align: justify;\"><strong>\u015eAM (SANA) &#8211;<\/strong> E\u011fitim Bakanl\u0131\u011f\u0131, 2023-2024 e\u011fitim-\u00f6\u011fretim y\u0131l\u0131 i\u00e7in t\u00fcm bran\u015flarda lise ve orta\u00f6\u011fretimde ba\u015far\u0131l\u0131 olan kad\u0131n ve erkek 65 \u00f6\u011frenciyi \u00f6d\u00fcrlendirdi.<\/p>\n<p style=\"text-align: justify;\"><img loading=\"lazy\" decoding=\"async\" class=\"size-full wp-image-306780 alignright\" src=\"http:\/\/sana.sy\/tr\/wp-content\/uploads\/2024\/08\/DSC_7417-300x200-1.jpg\" alt=\"\" width=\"300\" height=\"200\" \/>Bu, \u015eam&#8217;daki Esad K\u00fclt\u00fcr ve Sanat Evi&#8217;nde &#8220;M\u00fckemmelli\u011fin Ritiminde&#8221; ba\u015fl\u0131\u011f\u0131 alt\u0131nda d\u00fczenlenen bir t\u00f6ren s\u0131ras\u0131nda geldi.<\/p>\n<p style=\"text-align: justify;\">\u00d6\u011frencileri \u00fcst\u00fcn ba\u015far\u0131lara imza atan 50 okul m\u00fcd\u00fcr\u00fcn\u00fc de genel onurland\u0131rd\u0131.<\/p>\n<p style=\"text-align: justify;\">E\u011fitim Bakan\u0131\u00a0 Muhammed Amir Mardini, bug\u00fcnk\u00fc toplant\u0131da \u00f6d\u00fcllendirme t\u00f6reninde yapt\u0131\u011f\u0131 konu\u015fmada \u015funlar\u0131 s\u00f6yledi: \u2018\u2019First Lady Esma Esad&#8217;dan size emanet olarak getirdi\u011fim bir mesaj var; onun gururunu ve takdirini, ciddiyet tohumunu eken ger\u00e7ek m\u00fckemmelli\u011fin meyvelerini toplayan ve ba\u015faran, \u00a0yolunun bilgi ve amac\u0131n\u0131n yarat\u0131c\u0131l\u0131k oldu\u011fu her se\u00e7kin t\u00fcm \u00f6\u011frencilere iletiyorum.\u2019\u2019<\/p>\n<p style=\"text-align: justify;\">Bakan ayr\u0131ca, \u2018\u2019Bug\u00fcn Milli E\u011fitim Bakanl\u0131\u011f\u0131, temel ve haz\u0131rl\u0131k \u015feriat e\u011fitim sertifikalar\u0131 ile orta, mesleki ve \u015feriat sertifikalar\u0131nda ba\u015far\u0131l\u0131 olan en iyi \u00f6\u011frencilerini \u00f6d\u00fcllendirmektedir\u2019\u2019 ifedelerini kulland\u0131.<\/p>\n<p style=\"text-align: justify;\">G\u00fc\u00e7l\u00fc, uyumlu bir toplumun e\u011fitim olmadan in\u015fa edilemeyece\u011fine dikkat \u00e7eken Mardini, \u2018\u2019Bunlar sayesinde kalk\u0131nma sa\u011flan\u0131r, insan \u0131slah edilir, de\u011ferler g\u00fc\u00e7lendirilir, politikalar geli\u015ftirilir, kaynaklar kullan\u0131l\u0131r ve yenilik\u00e7ilik te\u015fvik edilir\u2019\u2019 dedi.<\/p>\n<div id='gallery-1' class='gallery galleryid-306778 gallery-columns-4 gallery-size-medium'><figure class='gallery-item'>\n\t\t\t<div class='gallery-icon landscape'>\n\t\t\t\t<a href='https:\/\/archive.sana.sy\/tr\/?attachment_id=306781'><img loading=\"lazy\" decoding=\"async\" width=\"300\" height=\"200\" src=\"https:\/\/archive.sana.sy\/tr\/wp-content\/uploads\/2024\/08\/2-6-300x200.jpg\" class=\"attachment-medium size-medium\" alt=\"\" srcset=\"https:\/\/archive.sana.sy\/tr\/wp-content\/uploads\/2024\/08\/2-6-300x200.jpg 300w, https:\/\/archive.sana.sy\/tr\/wp-content\/uploads\/2024\/08\/2-6.jpg 660w\" sizes=\"auto, (max-width: 300px) 100vw, 300px\" \/><\/a>\n\t\t\t<\/div><\/figure><figure class='gallery-item'>\n\t\t\t<div class='gallery-icon landscape'>\n\t\t\t\t<a href='https:\/\/archive.sana.sy\/tr\/?attachment_id=306782'><img loading=\"lazy\" decoding=\"async\" width=\"300\" height=\"200\" src=\"https:\/\/archive.sana.sy\/tr\/wp-content\/uploads\/2024\/08\/3-5-300x200.jpg\" class=\"attachment-medium size-medium\" alt=\"\" srcset=\"https:\/\/archive.sana.sy\/tr\/wp-content\/uploads\/2024\/08\/3-5-300x200.jpg 300w, https:\/\/archive.sana.sy\/tr\/wp-content\/uploads\/2024\/08\/3-5.jpg 660w\" sizes=\"auto, (max-width: 300px) 100vw, 300px\" \/><\/a>\n\t\t\t<\/div><\/figure><figure class='gallery-item'>\n\t\t\t<div class='gallery-icon landscape'>\n\t\t\t\t<a href='https:\/\/archive.sana.sy\/tr\/?attachment_id=306783'><img loading=\"lazy\" decoding=\"async\" width=\"300\" height=\"200\" src=\"https:\/\/archive.sana.sy\/tr\/wp-content\/uploads\/2024\/08\/4-1-300x200.jpg\" class=\"attachment-medium size-medium\" alt=\"\" srcset=\"https:\/\/archive.sana.sy\/tr\/wp-content\/uploads\/2024\/08\/4-1-300x200.jpg 300w, https:\/\/archive.sana.sy\/tr\/wp-content\/uploads\/2024\/08\/4-1.jpg 660w\" sizes=\"auto, (max-width: 300px) 100vw, 300px\" \/><\/a>\n\t\t\t<\/div><\/figure><figure class='gallery-item'>\n\t\t\t<div class='gallery-icon landscape'>\n\t\t\t\t<a href='https:\/\/archive.sana.sy\/tr\/?attachment_id=306784'><img loading=\"lazy\" decoding=\"async\" width=\"300\" height=\"200\" src=\"https:\/\/archive.sana.sy\/tr\/wp-content\/uploads\/2024\/08\/1-10-300x200.jpg\" class=\"attachment-medium size-medium\" alt=\"\" srcset=\"https:\/\/archive.sana.sy\/tr\/wp-content\/uploads\/2024\/08\/1-10-300x200.jpg 300w, https:\/\/archive.sana.sy\/tr\/wp-content\/uploads\/2024\/08\/1-10.jpg 660w\" sizes=\"auto, (max-width: 300px) 100vw, 300px\" \/><\/a>\n\t\t\t<\/div><\/figure>\n\t\t<\/div>\n\n","protected":false},"excerpt":{"rendered":"<p>\u015eAM (SANA) &#8211; E\u011fitim Bakanl\u0131\u011f\u0131, 2023-2024 e\u011fitim-\u00f6\u011fretim y\u0131l\u0131 i\u00e7in t\u00fcm bran\u015flarda lise ve orta\u00f6\u011fretimde ba\u015far\u0131l\u0131 olan kad\u0131n ve erkek 65 \u00f6\u011frenciyi \u00f6d\u00fcrlendirdi. Bu, \u015eam&#8217;daki Esad K\u00fclt\u00fcr ve Sanat Evi&#8217;nde &#8220;M\u00fckemmelli\u011fin Ritiminde&#8221; ba\u015fl\u0131\u011f\u0131 alt\u0131nda d\u00fczenlenen bir t\u00f6ren s\u0131ras\u0131nda geldi. \u00d6\u011frencileri \u00fcst\u00fcn ba\u015far\u0131lara imza atan 50 okul m\u00fcd\u00fcr\u00fcn\u00fc de genel onurland\u0131rd\u0131. E\u011fitim Bakan\u0131\u00a0 Muhammed Amir Mardini, bug\u00fcnk\u00fc &hellip;<\/p>\n","protected":false},"author":41,"featured_media":306779,"comment_status":"closed","ping_status":"closed","sticky":false,"template":"","format":"standard","meta":{"footnotes":""},"categories":[479,17988,478],"tags":[],"class_list":["post-306778","post","type-post","status-publish","format-standard","has-post-thumbnail","","category-haberler-yerel","category-son-haberler","category-yerel"],"_links":{"self":[{"href":"https:\/\/archive.sana.sy\/tr\/index.php?rest_route=\/wp\/v2\/posts\/306778","targetHints":{"allow":["GET"]}}],"collection":[{"href":"https:\/\/archive.sana.sy\/tr\/index.php?rest_route=\/wp\/v2\/posts"}],"about":[{"href":"https:\/\/archive.sana.sy\/tr\/index.php?rest_route=\/wp\/v2\/types\/post"}],"author":[{"embeddable":true,"href":"https:\/\/archive.sana.sy\/tr\/index.php?rest_route=\/wp\/v2\/users\/41"}],"replies":[{"embeddable":true,"href":"https:\/\/archive.sana.sy\/tr\/index.php?rest_route=%2Fwp%2Fv2%2Fcomments&post=306778"}],"version-history":[{"count":1,"href":"https:\/\/archive.sana.sy\/tr\/index.php?rest_route=\/wp\/v2\/posts\/306778\/revisions"}],"predecessor-version":[{"id":306785,"href":"https:\/\/archive.sana.sy\/tr\/index.php?rest_route=\/wp\/v2\/posts\/306778\/revisions\/306785"}],"wp:featuredmedia":[{"embeddable":true,"href":"https:\/\/archive.sana.sy\/tr\/index.php?rest_route=\/wp\/v2\/media\/306779"}],"wp:attachment":[{"href":"https:\/\/archive.sana.sy\/tr\/index.php?rest_route=%2Fwp%2Fv2%2Fmedia&parent=306778"}],"wp:term":[{"taxonomy":"category","embeddable":true,"href":"https:\/\/archive.sana.sy\/tr\/index.php?rest_route=%2Fwp%2Fv2%2Fcategories&post=306778"},{"taxonomy":"post_tag","embeddable":true,"href":"https:\/\/archive.sana.sy\/tr\/index.php?rest_route=%2Fwp%2Fv2%2Ftags&post=306778"}],"curies":[{"name":"wp","href":"https:\/\/api.w.org\/{rel}","templated":true}]}}