{"id":306791,"date":"2024-08-15T08:56:16","date_gmt":"2024-08-15T05:56:16","guid":{"rendered":"https:\/\/sana.sy\/tr\/?p=306791"},"modified":"2024-08-17T08:51:29","modified_gmt":"2024-08-17T05:51:29","slug":"abbas-filistin-halkimiz-isgalin-onlari-bir-kez-daha-topraklarindan-surmesine-izin-vermeyecektir","status":"publish","type":"post","link":"https:\/\/archive.sana.sy\/tr\/?p=306791","title":{"rendered":"Abbas: Filistin Halk\u0131m\u0131z \u0130\u015fgalin Onlar\u0131 Bir Kez Daha Topraklar\u0131ndan S\u00fcrmesine \u0130zin Vermeyecektir"},"content":{"rendered":"<p style=\"text-align: justify;\"><strong>\u0130\u015eGAL ED\u0130LEN KUD\u00dcS (SANA)<\/strong> &#8211; Filistin Devlet Ba\u015fkan\u0131 Mahmud Abbas, i\u015fgalci \u0130srail\u2019in Gazze \u015eeridi ve Bat\u0131 \u015eeria&#8217;daki imha sava\u015f\u0131ndaki hedefinin, Filistin varl\u0131\u011f\u0131n\u0131 k\u00f6k\u00fcnden s\u00f6k\u00fcp, zorla topraklar\u0131ndan ve vatan\u0131ndan yeniden \u00e7\u0131karmak oldu\u011funu vurgulayarak, ne kadar fedakarl\u0131k yaparsa yaps\u0131n, i\u015fgal ne kadar su\u00e7 i\u015flerse i\u015flesin Filistin halk\u0131n\u0131n buna izin vermeyece\u011fini kaydetti.<\/p>\n<p style=\"text-align: justify;\">WAFA Ajans\u0131, Abbas&#8217;\u0131n bug\u00fcnk\u00fc konu\u015fmas\u0131nda \u015funlar\u0131 s\u00f6yledi\u011fini aktard\u0131: \u2018\u2019Halk\u0131m\u0131z 1948&#8217;den bu yana b\u00fcy\u00fck ac\u0131lar ve devam eden felaketler ya\u015f\u0131yor, topraklar\u0131na, vatanlar\u0131na, kutsallar\u0131na, vazge\u00e7ilmez ulusal haklar\u0131na ba\u011fl\u0131 kalarak i\u015fgal su\u00e7lar\u0131 ve uluslararas\u0131 adaletin yoklu\u011fuyla kar\u015f\u0131 kar\u015f\u0131ya kal\u0131yor. Efsanevi azmiyle sadece vatan\u0131n\u0131 savunmakla kalmad\u0131, b\u00f6lgeye hakim olmak isteyen Siyonistlerin emellerine de kar\u015f\u0131 \u00e7\u0131kt\u0131.\u2019\u2019<\/p>\n<p style=\"text-align: justify;\">Abbas konu\u015fmas\u0131nda ayr\u0131ca, \u2018\u2019Gazze, birle\u015fik Filistin devletinin ayr\u0131lmaz bir par\u00e7as\u0131d\u0131r ve halk\u0131m\u0131z ne par\u00e7alanacak ne de teslim olacakt\u0131r. Ba\u015fkenti Kud\u00fcs olan ba\u011f\u0131ms\u0131z Filistin devletimizin \u0131\u015f\u0131\u011f\u0131nda Gazze&#8217;yi yeniden in\u015fa edece\u011fiz, halk\u0131m\u0131z\u0131n yard\u0131m\u0131yla halk\u0131m\u0131z\u0131n yaralar\u0131n\u0131 saraca\u011f\u0131z, Arap ve \u0130slam uluslar\u0131na ve \u00f6zg\u00fcr d\u00fcnya halklar\u0131na destek verece\u011fiz\u2026Ne kadar uzun s\u00fcrerse s\u00fcrs\u00fcn, fedakarl\u0131klar ne kadar b\u00fcy\u00fck olursa olsun\u2019\u2019 ifadelerini s\u00f6zlerine ekledi.<\/p>\n<p style=\"text-align: justify;\">Filistin Devlet Ba\u015fkan\u0131, \u00f6nceli\u011fin \u0130srail sald\u0131rganl\u0131\u011f\u0131n\u0131 durdurmak, Gazze \u015eeridi&#8217;nden tamamen ve derhal \u00e7ekilmek, insani yard\u0131m sa\u011flanmas\u0131n\u0131 h\u0131zland\u0131rmak ve zorla yerinden edilmeyi \u00f6nlemek oldu\u011funu belirtirken de, ABD&#8217;nin, sald\u0131rganl\u0131\u011f\u0131n durdurulmas\u0131n\u0131 \u00f6nlemek amac\u0131yla G\u00fcvenlik Konseyi&#8217;nde &#8220;veto&#8221; kullanmas\u0131n\u0131n en temel insani ve ahlaki kurallardan yoksun oldu\u011funa, katillerin ve sava\u015f su\u00e7lular\u0131n\u0131n hi\u00e7bir zaman cezadan ka\u00e7amayacaklar\u0131na dikkat \u00e7ekti.<\/p>\n<p style=\"text-align: justify;\">Kud\u00fcs&#8217;\u00fcn k\u0131rm\u0131z\u0131 \u00e7izgi oldu\u011funu, onun topra\u011f\u0131ndan bir zerre, Filistin topra\u011f\u0131 veya herhangi bir ta\u015f\u0131n\u0131n ihmal edilmeyece\u011fini vurgulayan Abbas, Filistin halk\u0131n\u0131n er ya da ge\u00e7 ba\u011f\u0131ms\u0131zl\u0131\u011f\u0131na ve \u00f6zg\u00fcrl\u00fc\u011f\u00fcne kavu\u015faca\u011f\u0131n\u0131, Filistin&#8217;in kalaca\u011f\u0131n\u0131 ve i\u015fgalin ortadan kalkaca\u011f\u0131n\u0131 yineledi.<\/p>\n<p style=\"text-align: center;\"><strong><a href=\"https:\/\/t.me\/SuriyeArapHaberAjansI\">Telegram Kanal\u0131m\u0131z\u00a0<\/a>||<a href=\"https:\/\/twitter.com\/arap_ajans\">X Platformumuz\u00a0<\/a>||<a href=\"https:\/\/www.facebook.com\/SANAHaberAjansi\/\">Facebook Sayfam\u0131z<\/a><\/strong><\/p>\n","protected":false},"excerpt":{"rendered":"<p>\u0130\u015eGAL ED\u0130LEN KUD\u00dcS (SANA) &#8211; Filistin Devlet Ba\u015fkan\u0131 Mahmud Abbas, i\u015fgalci \u0130srail\u2019in Gazze \u015eeridi ve Bat\u0131 \u015eeria&#8217;daki imha sava\u015f\u0131ndaki hedefinin, Filistin varl\u0131\u011f\u0131n\u0131 k\u00f6k\u00fcnden s\u00f6k\u00fcp, zorla topraklar\u0131ndan ve vatan\u0131ndan yeniden \u00e7\u0131karmak oldu\u011funu vurgulayarak, ne kadar fedakarl\u0131k yaparsa yaps\u0131n, i\u015fgal ne kadar su\u00e7 i\u015flerse i\u015flesin Filistin halk\u0131n\u0131n buna izin vermeyece\u011fini kaydetti. WAFA Ajans\u0131, Abbas&#8217;\u0131n bug\u00fcnk\u00fc konu\u015fmas\u0131nda \u015funlar\u0131 &hellip;<\/p>\n","protected":false},"author":41,"featured_media":306792,"comment_status":"closed","ping_status":"closed","sticky":false,"template":"","format":"standard","meta":{"footnotes":""},"categories":[458,459,17988],"tags":[42146],"class_list":["post-306791","post","type-post","status-publish","format-standard","has-post-thumbnail","","category-dunya1","category-haberler-arap-uluslararasi-politika","category-son-haberler","tag-abbas-filistin-halkimiz-isgalin-onlari-bir-kez-daha-topraklarindan-surmesine-izin-vermeyecektir"],"_links":{"self":[{"href":"https:\/\/archive.sana.sy\/tr\/index.php?rest_route=\/wp\/v2\/posts\/306791","targetHints":{"allow":["GET"]}}],"collection":[{"href":"https:\/\/archive.sana.sy\/tr\/index.php?rest_route=\/wp\/v2\/posts"}],"about":[{"href":"https:\/\/archive.sana.sy\/tr\/index.php?rest_route=\/wp\/v2\/types\/post"}],"author":[{"embeddable":true,"href":"https:\/\/archive.sana.sy\/tr\/index.php?rest_route=\/wp\/v2\/users\/41"}],"replies":[{"embeddable":true,"href":"https:\/\/archive.sana.sy\/tr\/index.php?rest_route=%2Fwp%2Fv2%2Fcomments&post=306791"}],"version-history":[{"count":1,"href":"https:\/\/archive.sana.sy\/tr\/index.php?rest_route=\/wp\/v2\/posts\/306791\/revisions"}],"predecessor-version":[{"id":306793,"href":"https:\/\/archive.sana.sy\/tr\/index.php?rest_route=\/wp\/v2\/posts\/306791\/revisions\/306793"}],"wp:featuredmedia":[{"embeddable":true,"href":"https:\/\/archive.sana.sy\/tr\/index.php?rest_route=\/wp\/v2\/media\/306792"}],"wp:attachment":[{"href":"https:\/\/archive.sana.sy\/tr\/index.php?rest_route=%2Fwp%2Fv2%2Fmedia&parent=306791"}],"wp:term":[{"taxonomy":"category","embeddable":true,"href":"https:\/\/archive.sana.sy\/tr\/index.php?rest_route=%2Fwp%2Fv2%2Fcategories&post=306791"},{"taxonomy":"post_tag","embeddable":true,"href":"https:\/\/archive.sana.sy\/tr\/index.php?rest_route=%2Fwp%2Fv2%2Ftags&post=306791"}],"curies":[{"name":"wp","href":"https:\/\/api.w.org\/{rel}","templated":true}]}}