{"id":306794,"date":"2024-08-15T19:10:27","date_gmt":"2024-08-15T16:10:27","guid":{"rendered":"https:\/\/sana.sy\/tr\/?p=306794"},"modified":"2024-08-17T08:52:36","modified_gmt":"2024-08-17T05:52:36","slug":"bakan-muncid-bm-nufus-fonu-temsilcisiyle-ortak-isbirliginin-gelistirilmesini-gorustu","status":"publish","type":"post","link":"https:\/\/archive.sana.sy\/tr\/?p=306794","title":{"rendered":"Bakan M\u00fcnciD, BM N\u00fcfus Fonu Temsilcisiyle Ortak \u0130\u015fbirli\u011finin Geli\u015ftirilmesini G\u00f6r\u00fc\u015ft\u00fc"},"content":{"rendered":"<p style=\"text-align: justify;\"><strong>\u015eAM (SANA)<\/strong> &#8211; Bug\u00fcn Sosyal \u0130\u015fler ve \u00c7al\u0131\u015fma Bakan\u0131 Luey M\u00fcncid, Birle\u015fmi\u015f Milletler N\u00fcfus Fonu&#8217;nun Suriye temsilcisi Muriel Mavico ile ortak i\u015f birli\u011fi ili\u015fkilerini ve bunlar\u0131 bir\u00e7ok alanda geli\u015ftirmenin yollar\u0131n\u0131 g\u00f6r\u00fc\u015ft\u00fc.<\/p>\n<p style=\"text-align: justify;\">G\u00f6r\u00fc\u015fme s\u0131ras\u0131nda Bakan Mincid, kapasite geli\u015ftirme programlar\u0131 ve vaka y\u00f6netimi program\u0131na ili\u015fkin Bakanl\u0131k ile Fon aras\u0131ndaki ortak \u00e7al\u0131\u015fma planlar\u0131n\u0131n uygulanmas\u0131nda meydana gelen geli\u015fmelere dikkat \u00e7ekti.<\/p>\n<p style=\"text-align: justify;\">Birle\u015fmi\u015f Milletler N\u00fcfus Fonu temsilcisi ise Fonun Suriye&#8217;deki \u00e7al\u0131\u015fmalar\u0131n\u0131n ba\u015far\u0131s\u0131 i\u00e7in Bakanl\u0131\u011f\u0131n sa\u011flad\u0131\u011f\u0131 olanaklara ve kal\u0131c\u0131 deste\u011fe dikkat \u00e7ekerken, sanatsal ve teknik uzmanl\u0131\u011f\u0131n\u0131 bunun hizmetine sunarak bir\u00e7ok alanda \u00e7al\u0131\u015fmalar\u0131n geli\u015ftirilmesi i\u00e7in Bakanl\u0131\u011f\u0131m\u0131zla tam i\u015fbirli\u011finin \u00f6nemini kaydetti.<\/p>\n<p style=\"text-align: center;\"><strong><a href=\"https:\/\/t.me\/SuriyeArapHaberAjansI\">Telegram Kanal\u0131m\u0131z\u00a0<\/a>||<a href=\"https:\/\/twitter.com\/arap_ajans\">X Platformumuz\u00a0<\/a>||<a href=\"https:\/\/www.facebook.com\/SANAHaberAjansi\/\">Facebook Sayfam\u0131z<\/a><\/strong><\/p>\n","protected":false},"excerpt":{"rendered":"<p>\u015eAM (SANA) &#8211; Bug\u00fcn Sosyal \u0130\u015fler ve \u00c7al\u0131\u015fma Bakan\u0131 Luey M\u00fcncid, Birle\u015fmi\u015f Milletler N\u00fcfus Fonu&#8217;nun Suriye temsilcisi Muriel Mavico ile ortak i\u015f birli\u011fi ili\u015fkilerini ve bunlar\u0131 bir\u00e7ok alanda geli\u015ftirmenin yollar\u0131n\u0131 g\u00f6r\u00fc\u015ft\u00fc. G\u00f6r\u00fc\u015fme s\u0131ras\u0131nda Bakan Mincid, kapasite geli\u015ftirme programlar\u0131 ve vaka y\u00f6netimi program\u0131na ili\u015fkin Bakanl\u0131k ile Fon aras\u0131ndaki ortak \u00e7al\u0131\u015fma planlar\u0131n\u0131n uygulanmas\u0131nda meydana gelen geli\u015fmelere dikkat &hellip;<\/p>\n","protected":false},"author":41,"featured_media":306795,"comment_status":"closed","ping_status":"closed","sticky":false,"template":"","format":"standard","meta":{"footnotes":""},"categories":[458,459,17988],"tags":[42147,42148],"class_list":["post-306794","post","type-post","status-publish","format-standard","has-post-thumbnail","","category-dunya1","category-haberler-arap-uluslararasi-politika","category-son-haberler","tag-bakan-muncid","tag-bm-nufus-fonu-temsilcisiyle-ortak-isbirliginin-gelistirilmesini-gorustu"],"_links":{"self":[{"href":"https:\/\/archive.sana.sy\/tr\/index.php?rest_route=\/wp\/v2\/posts\/306794","targetHints":{"allow":["GET"]}}],"collection":[{"href":"https:\/\/archive.sana.sy\/tr\/index.php?rest_route=\/wp\/v2\/posts"}],"about":[{"href":"https:\/\/archive.sana.sy\/tr\/index.php?rest_route=\/wp\/v2\/types\/post"}],"author":[{"embeddable":true,"href":"https:\/\/archive.sana.sy\/tr\/index.php?rest_route=\/wp\/v2\/users\/41"}],"replies":[{"embeddable":true,"href":"https:\/\/archive.sana.sy\/tr\/index.php?rest_route=%2Fwp%2Fv2%2Fcomments&post=306794"}],"version-history":[{"count":1,"href":"https:\/\/archive.sana.sy\/tr\/index.php?rest_route=\/wp\/v2\/posts\/306794\/revisions"}],"predecessor-version":[{"id":306796,"href":"https:\/\/archive.sana.sy\/tr\/index.php?rest_route=\/wp\/v2\/posts\/306794\/revisions\/306796"}],"wp:featuredmedia":[{"embeddable":true,"href":"https:\/\/archive.sana.sy\/tr\/index.php?rest_route=\/wp\/v2\/media\/306795"}],"wp:attachment":[{"href":"https:\/\/archive.sana.sy\/tr\/index.php?rest_route=%2Fwp%2Fv2%2Fmedia&parent=306794"}],"wp:term":[{"taxonomy":"category","embeddable":true,"href":"https:\/\/archive.sana.sy\/tr\/index.php?rest_route=%2Fwp%2Fv2%2Fcategories&post=306794"},{"taxonomy":"post_tag","embeddable":true,"href":"https:\/\/archive.sana.sy\/tr\/index.php?rest_route=%2Fwp%2Fv2%2Ftags&post=306794"}],"curies":[{"name":"wp","href":"https:\/\/api.w.org\/{rel}","templated":true}]}}