{"id":306797,"date":"2024-08-15T20:31:38","date_gmt":"2024-08-15T17:31:38","guid":{"rendered":"https:\/\/sana.sy\/tr\/?p=306797"},"modified":"2024-08-17T16:52:55","modified_gmt":"2024-08-17T13:52:55","slug":"suriye-siyonist-varligin-gercekleri-carpitmaya-yonelik-acik-oyunlarini-en-guclu-ifadelerle-kinadi","status":"publish","type":"post","link":"https:\/\/archive.sana.sy\/tr\/?p=306797","title":{"rendered":"Suriye Siyonist Varl\u0131\u011f\u0131n Ger\u00e7ekleri \u00c7arp\u0131tmaya Y\u00f6nelik A\u00e7\u0131k Oyunlar\u0131n\u0131 En G\u00fc\u00e7l\u00fc \u0130fadelerle K\u0131nad\u0131"},"content":{"rendered":"<p style=\"text-align: justify;\"><strong>\u015eAM (SANA)<\/strong> \u2013 Suriye G\u00fcvenlik Konseyi&#8217;nin ge\u00e7en Sal\u0131 g\u00fcn\u00fc d\u00fczenledi\u011fi acil oturumda \u0130srail i\u015fgal varl\u0131\u011f\u0131n\u0131n temsilcisinin s\u00f6yledi\u011fi yalanlar\u0131 b\u00fct\u00fcn\u00fcyle reddetti ve siyonist varl\u0131\u011f\u0131n ger\u00e7ekleri \u00e7arp\u0131tmaya y\u00f6nelik a\u00e7\u0131k oyunlar\u0131n\u0131 da en g\u00fc\u00e7l\u00fc ifadelerle k\u0131nad\u0131.<\/p>\n<p style=\"text-align: justify;\">D\u0131\u015fi\u015fleri ve Gureb\u00e7iler Bakanl\u0131\u011f\u0131 bug\u00fcn yapt\u0131\u011f\u0131 a\u00e7\u0131klamada, \u2018\u2019ayn\u0131 ba\u011flamda Suriye, s\u00f6zde \u0130srail D\u0131\u015fi\u015fleri Bakan\u0131&#8217;n\u0131n 29 Temmuz 2024&#8217;te hem Genel Sekreter&#8217;e hem de G\u00fcvenlik Konseyi Ba\u015fkan\u0131&#8217;na g\u00f6nderdi\u011fi mektupta yer alan yalanlar\u0131 reddetti\u011fini bir kez daha yeniliyor\u2019\u2019 dedi.<\/p>\n<p style=\"text-align: justify;\">Bakanl\u0131k a\u00e7\u0131klamas\u0131nda ayr\u0131ca, \u2018\u2019 Suriye, 27 Temmuz 2024&#8217;te Suriye&#8217;nin Mecdal \u015eems kasabas\u0131nda meydana gelen i\u011fren\u00e7 su\u00e7tan \u0130srail i\u015fgal yetkililerinin t\u00fcm sorumlulu\u011funu kabul ediyor. Bu, i\u015fgalci yetkililerin b\u00f6lge \u00fclkelerine kar\u015f\u0131 gerilimi t\u0131rmand\u0131rmak ve sald\u0131rgan eylemlerini s\u00fcrd\u00fcrmek i\u00e7in ba\u015fvurdu\u011fu bir su\u00e7tur\u2019\u2019 ifadelerini kulland\u0131.<\/p>\n<p style=\"text-align: justify;\">Bakanl\u0131k, Suriye\u2019nin, i\u015fgal alt\u0131ndaki Suriyeli Arap Golan&#8217;\u0131n Suriye topra\u011f\u0131 oldu\u011funu, \u00f6yle oldu\u011funu ve \u00f6yle kalaca\u011f\u0131n\u0131 vurgulad\u0131\u011f\u0131n\u0131 s\u00f6yleyerek, \u2018\u2019Bu, ilgili t\u00fcm Birle\u015fmi\u015f Milletler kararlar\u0131, \u00f6zellikle de 1981 tarihli 497 say\u0131l\u0131 Karar ile teyit edilmektedir\u2019\u2019 ifadesini \u00f6ne s\u00fcrd\u00fc.<\/p>\n<p style=\"text-align: justify;\">Bakanl\u0131k a\u00e7\u0131klamas\u0131nda \u015fu ifadelere de yer verdi: \u2018\u2019 Suriye ayn\u0131 zamanda Golan&#8217;daki halk\u0131m\u0131z\u0131n Suriye Arap halk\u0131n\u0131n bir par\u00e7as\u0131 olan, olan ve \u00f6yle kalacak olan Suriye Arap vatanda\u015flar\u0131 oldu\u011funu da bir kez daha teyit etti. Anavatanlar\u0131 Suriye&#8217;ye olan aidiyetlerine ve ulusal kimliklerine ba\u011fl\u0131 kal\u0131yorlar. \u0130srail i\u015fgalini reddediyor ve \u0130srail&#8217;in kendilerine y\u00f6nelik su\u00e7 uygulamalar\u0131na son verilmesini sab\u0131rs\u0131zl\u0131kla bekliyorlar.\u2019\u2019<\/p>\n<p style=\"text-align: justify;\">D\u0131\u015fi\u015fleri Bakanl\u0131\u011f\u0131 a\u00e7\u0131klamas\u0131n\u0131 \u015fu ifadelerle tamamlad\u0131: \u2018\u2019Suriye, bir kez daha Birle\u015fmi\u015f Milletler ve G\u00fcvenlik Konseyi&#8217;ne, i\u015fgal alt\u0131ndaki Suriye Golan&#8217;\u0131 da dahil olmak \u00fczere i\u015fgal alt\u0131ndaki Arap topraklar\u0131ndaki \u0130srail i\u015fgalinin sona erdirilmesine y\u00f6nelik ba\u015fta G\u00fcvenlik Konseyi&#8217;nin 497 say\u0131l\u0131 karar\u0131 olmak \u00fczere ilgili kararlar\u0131n\u0131 uygulamaya \u00e7a\u011fr\u0131da bulundu.\u2019\u2019<\/p>\n<p style=\"text-align: center;\"><strong><a href=\"https:\/\/t.me\/SuriyeArapHaberAjansI\">Telegram Kanal\u0131m\u0131z\u00a0<\/a>||<a href=\"https:\/\/twitter.com\/arap_ajans\">X Platformumuz\u00a0<\/a>||<a href=\"https:\/\/www.facebook.com\/SANAHaberAjansi\/\">Facebook Sayfam\u0131z<\/a><\/strong><\/p>\n","protected":false},"excerpt":{"rendered":"<p>\u015eAM (SANA) \u2013 Suriye G\u00fcvenlik Konseyi&#8217;nin ge\u00e7en Sal\u0131 g\u00fcn\u00fc d\u00fczenledi\u011fi acil oturumda \u0130srail i\u015fgal varl\u0131\u011f\u0131n\u0131n temsilcisinin s\u00f6yledi\u011fi yalanlar\u0131 b\u00fct\u00fcn\u00fcyle reddetti ve siyonist varl\u0131\u011f\u0131n ger\u00e7ekleri \u00e7arp\u0131tmaya y\u00f6nelik a\u00e7\u0131k oyunlar\u0131n\u0131 da en g\u00fc\u00e7l\u00fc ifadelerle k\u0131nad\u0131. D\u0131\u015fi\u015fleri ve Gureb\u00e7iler Bakanl\u0131\u011f\u0131 bug\u00fcn yapt\u0131\u011f\u0131 a\u00e7\u0131klamada, \u2018\u2019ayn\u0131 ba\u011flamda Suriye, s\u00f6zde \u0130srail D\u0131\u015fi\u015fleri Bakan\u0131&#8217;n\u0131n 29 Temmuz 2024&#8217;te hem Genel Sekreter&#8217;e hem de &hellip;<\/p>\n","protected":false},"author":41,"featured_media":306798,"comment_status":"closed","ping_status":"closed","sticky":false,"template":"","format":"standard","meta":{"footnotes":""},"categories":[479,17988,478],"tags":[42149],"class_list":["post-306797","post","type-post","status-publish","format-standard","has-post-thumbnail","","category-haberler-yerel","category-son-haberler","category-yerel","tag-suriye-siyonist-varligin-gercekleri-carpitmaya-yonelik-acik-oyunlarini-en-guclu-ifadelerle-kinadi"],"_links":{"self":[{"href":"https:\/\/archive.sana.sy\/tr\/index.php?rest_route=\/wp\/v2\/posts\/306797","targetHints":{"allow":["GET"]}}],"collection":[{"href":"https:\/\/archive.sana.sy\/tr\/index.php?rest_route=\/wp\/v2\/posts"}],"about":[{"href":"https:\/\/archive.sana.sy\/tr\/index.php?rest_route=\/wp\/v2\/types\/post"}],"author":[{"embeddable":true,"href":"https:\/\/archive.sana.sy\/tr\/index.php?rest_route=\/wp\/v2\/users\/41"}],"replies":[{"embeddable":true,"href":"https:\/\/archive.sana.sy\/tr\/index.php?rest_route=%2Fwp%2Fv2%2Fcomments&post=306797"}],"version-history":[{"count":1,"href":"https:\/\/archive.sana.sy\/tr\/index.php?rest_route=\/wp\/v2\/posts\/306797\/revisions"}],"predecessor-version":[{"id":306799,"href":"https:\/\/archive.sana.sy\/tr\/index.php?rest_route=\/wp\/v2\/posts\/306797\/revisions\/306799"}],"wp:featuredmedia":[{"embeddable":true,"href":"https:\/\/archive.sana.sy\/tr\/index.php?rest_route=\/wp\/v2\/media\/306798"}],"wp:attachment":[{"href":"https:\/\/archive.sana.sy\/tr\/index.php?rest_route=%2Fwp%2Fv2%2Fmedia&parent=306797"}],"wp:term":[{"taxonomy":"category","embeddable":true,"href":"https:\/\/archive.sana.sy\/tr\/index.php?rest_route=%2Fwp%2Fv2%2Fcategories&post=306797"},{"taxonomy":"post_tag","embeddable":true,"href":"https:\/\/archive.sana.sy\/tr\/index.php?rest_route=%2Fwp%2Fv2%2Ftags&post=306797"}],"curies":[{"name":"wp","href":"https:\/\/api.w.org\/{rel}","templated":true}]}}