{"id":306800,"date":"2024-08-15T19:45:28","date_gmt":"2024-08-15T16:45:28","guid":{"rendered":"https:\/\/sana.sy\/tr\/?p=306800"},"modified":"2024-08-17T08:52:36","modified_gmt":"2024-08-17T05:52:36","slug":"suriye-amerikan-vatandasi-austin-ticenin-tutuklanmasina-iliskin-asilsiz-amerikan-suclamalarini-reddetti","status":"publish","type":"post","link":"https:\/\/archive.sana.sy\/tr\/?p=306800","title":{"rendered":"Suriye, Amerikan Vatanda\u015f\u0131 Austin Tice&#8217;nin Tutuklanmas\u0131na \u0130li\u015fkin As\u0131ls\u0131z Amerikan Su\u00e7lamalar\u0131n\u0131 Reddetti"},"content":{"rendered":"<p style=\"text-align: justify;\"><strong>\u015eAM (SANA)<\/strong> \u2013D\u0131\u015fi\u015fleri Bakanl\u0131\u011f\u0131, Amerikan vatanda\u015f\u0131 Austin Tice&#8217;in tutuklanmas\u0131 konusunda Suriye h\u00fck\u00fcmetine y\u00f6nelik as\u0131ls\u0131z su\u00e7lamalar\u0131 i\u00e7eren Amerikan a\u00e7\u0131klamalar\u0131n\u0131 k\u0131nad\u0131.<\/p>\n<p style=\"text-align: justify;\">D\u0131\u015fi\u015fleri Bakanl\u0131\u011f\u0131 bug\u00fcn yapt\u0131\u011f\u0131 a\u00e7\u0131klamada, \u2018\u2019 D\u00fcn Beyaz Saray ve D\u0131\u015fi\u015fleri Bakanl\u0131\u011f\u0131 taraf\u0131ndan temsil edilen ABD y\u00f6netimi taraf\u0131ndan yan\u0131lt\u0131c\u0131 a\u00e7\u0131klamalar yap\u0131ld\u0131. A\u00e7\u0131klamalarda, Suriye h\u00fck\u00fcmetinin ABD Ordusu&#8217;nda eski subay olan Amerikan vatanda\u015f\u0131 Austin Tice&#8217;i tutuklad\u0131\u011f\u0131 ve gazeteci olarak \u00e7al\u0131\u015ft\u0131\u011f\u0131, Suriye topraklar\u0131na girip kayboldu\u011fu y\u00f6n\u00fcndeki as\u0131ls\u0131z su\u00e7lamalara yer verildi\u2019\u2019 dedi.<\/p>\n<p style=\"text-align: justify;\">D\u0131\u015fi\u015fleri ve Gurbet\u00e7iler Bakanl\u0131\u011f\u0131 a\u00e7\u0131klamas\u0131nda, Amerika&#8217;n\u0131n Tice&#8217;ye veya di\u011fer Amerikal\u0131lara y\u00f6nelik su\u00e7lamalar\u0131n\u0131n as\u0131ls\u0131z oldu\u011funu, ger\u00e7eklerin kas\u0131tl\u0131 olarak \u00e7arp\u0131t\u0131ld\u0131\u011f\u0131n\u0131 ve Amerikan y\u00f6netiminin Suriye&#8217;ye kar\u015f\u0131 su\u00e7lamalar y\u00f6neltme yakla\u015f\u0131m\u0131n\u0131n bir devam\u0131 oldu\u011funu vurgularken de, \u2018\u2019ABD y\u00f6netimin Suriye&#8217;nin toprak egemenli\u011fini ihlal etmesi, b\u00f6l\u00fcc\u00fc milislere ve ter\u00f6r gruplar\u0131na verdi\u011fi destek, Suriye&#8217;nin zenginliklerini ya\u011fmalamas\u0131 ve Suriyelilerin ac\u0131 \u00e7ekmesine neden olan tek tarafl\u0131 zorlay\u0131c\u0131 yapt\u0131r\u0131mlar uygulamas\u0131 yoluyla Suriye&#8217;ye y\u00f6nelik sald\u0131rgan uygulamalar\u0131n\u0131n devam etti\u011fine dikkat \u00e7ekti.<\/p>\n<p style=\"text-align: center;\"><strong><a href=\"https:\/\/t.me\/SuriyeArapHaberAjansI\">Telegram Kanal\u0131m\u0131z\u00a0<\/a>||<a href=\"https:\/\/twitter.com\/arap_ajans\">X Platformumuz\u00a0<\/a>||<a href=\"https:\/\/www.facebook.com\/SANAHaberAjansi\/\">Facebook Sayfam\u0131z<\/a><\/strong><\/p>\n","protected":false},"excerpt":{"rendered":"<p>\u015eAM (SANA) \u2013D\u0131\u015fi\u015fleri Bakanl\u0131\u011f\u0131, Amerikan vatanda\u015f\u0131 Austin Tice&#8217;in tutuklanmas\u0131 konusunda Suriye h\u00fck\u00fcmetine y\u00f6nelik as\u0131ls\u0131z su\u00e7lamalar\u0131 i\u00e7eren Amerikan a\u00e7\u0131klamalar\u0131n\u0131 k\u0131nad\u0131. D\u0131\u015fi\u015fleri Bakanl\u0131\u011f\u0131 bug\u00fcn yapt\u0131\u011f\u0131 a\u00e7\u0131klamada, \u2018\u2019 D\u00fcn Beyaz Saray ve D\u0131\u015fi\u015fleri Bakanl\u0131\u011f\u0131 taraf\u0131ndan temsil edilen ABD y\u00f6netimi taraf\u0131ndan yan\u0131lt\u0131c\u0131 a\u00e7\u0131klamalar yap\u0131ld\u0131. A\u00e7\u0131klamalarda, Suriye h\u00fck\u00fcmetinin ABD Ordusu&#8217;nda eski subay olan Amerikan vatanda\u015f\u0131 Austin Tice&#8217;i tutuklad\u0131\u011f\u0131 ve gazeteci &hellip;<\/p>\n","protected":false},"author":41,"featured_media":306801,"comment_status":"closed","ping_status":"closed","sticky":false,"template":"","format":"standard","meta":{"footnotes":""},"categories":[479,17988,478],"tags":[42151,42150,16591],"class_list":["post-306800","post","type-post","status-publish","format-standard","has-post-thumbnail","","category-haberler-yerel","category-son-haberler","category-yerel","tag-amerikan-vatandasi-austin-ticenin-tutuklanmasina-iliskin-asilsiz-amerikan-suclamalarini-reddetti","tag-austin-tice","tag-suriye"],"_links":{"self":[{"href":"https:\/\/archive.sana.sy\/tr\/index.php?rest_route=\/wp\/v2\/posts\/306800","targetHints":{"allow":["GET"]}}],"collection":[{"href":"https:\/\/archive.sana.sy\/tr\/index.php?rest_route=\/wp\/v2\/posts"}],"about":[{"href":"https:\/\/archive.sana.sy\/tr\/index.php?rest_route=\/wp\/v2\/types\/post"}],"author":[{"embeddable":true,"href":"https:\/\/archive.sana.sy\/tr\/index.php?rest_route=\/wp\/v2\/users\/41"}],"replies":[{"embeddable":true,"href":"https:\/\/archive.sana.sy\/tr\/index.php?rest_route=%2Fwp%2Fv2%2Fcomments&post=306800"}],"version-history":[{"count":2,"href":"https:\/\/archive.sana.sy\/tr\/index.php?rest_route=\/wp\/v2\/posts\/306800\/revisions"}],"predecessor-version":[{"id":306803,"href":"https:\/\/archive.sana.sy\/tr\/index.php?rest_route=\/wp\/v2\/posts\/306800\/revisions\/306803"}],"wp:featuredmedia":[{"embeddable":true,"href":"https:\/\/archive.sana.sy\/tr\/index.php?rest_route=\/wp\/v2\/media\/306801"}],"wp:attachment":[{"href":"https:\/\/archive.sana.sy\/tr\/index.php?rest_route=%2Fwp%2Fv2%2Fmedia&parent=306800"}],"wp:term":[{"taxonomy":"category","embeddable":true,"href":"https:\/\/archive.sana.sy\/tr\/index.php?rest_route=%2Fwp%2Fv2%2Fcategories&post=306800"},{"taxonomy":"post_tag","embeddable":true,"href":"https:\/\/archive.sana.sy\/tr\/index.php?rest_route=%2Fwp%2Fv2%2Ftags&post=306800"}],"curies":[{"name":"wp","href":"https:\/\/api.w.org\/{rel}","templated":true}]}}