{"id":306804,"date":"2024-08-16T10:51:27","date_gmt":"2024-08-16T07:51:27","guid":{"rendered":"https:\/\/sana.sy\/tr\/?p=306804"},"modified":"2024-08-18T13:49:48","modified_gmt":"2024-08-18T10:49:48","slug":"ukraynali-bir-esir-batili-uzmanlarin-kiev-guclerinin-kursk-taarruzunu-planlamasina-yardim-ettigini-itiraf-etti","status":"publish","type":"post","link":"https:\/\/archive.sana.sy\/tr\/?p=306804","title":{"rendered":"Ukraynal\u0131 Bir Esir, Bat\u0131l\u0131 Uzmanlar\u0131n Kiev G\u00fc\u00e7lerinin Kursk Taarruzunu Planlamas\u0131na Yard\u0131m Etti\u011fini \u0130tiraf Etti"},"content":{"rendered":"<p><strong>MOSKOVA (SANA) _<\/strong> Rus g\u00fc\u00e7leri taraf\u0131ndan esir al\u0131nan Ukraynal\u0131 bir asker, Kursk eksenindeki Ukrayna kuvvetleri aras\u0131nda, sald\u0131r\u0131 planlar\u0131 ve taktikleri konusunda kendilerine yard\u0131mc\u0131 olacak Bat\u0131l\u0131 uzmanlar\u0131n bulundu\u011funu itiraf etti.<\/p>\n<p>Russia Today internet sitesinde Ukraynal\u0131 esirin \u015fu s\u00f6zleri aktar\u0131ld\u0131: &#8220;Liderlerimizden Bat\u0131l\u0131 e\u011fitmenlerle planlad\u0131klar\u0131n\u0131 duydum.&#8221;<\/p>\n<p style=\"text-align: center;\"><strong><a href=\"https:\/\/t.me\/SuriyeArapHaberAjansI\">Telegram Kanal\u0131m\u0131z\u00a0<\/a>||<a href=\"https:\/\/twitter.com\/arap_ajans\">X Platformumuz\u00a0<\/a>||<a href=\"https:\/\/www.facebook.com\/SANAHaberAjansi\/\">Facebook Sayfam\u0131z<\/a><\/strong><\/p>\n","protected":false},"excerpt":{"rendered":"<p>MOSKOVA (SANA) _ Rus g\u00fc\u00e7leri taraf\u0131ndan esir al\u0131nan Ukraynal\u0131 bir asker, Kursk eksenindeki Ukrayna kuvvetleri aras\u0131nda, sald\u0131r\u0131 planlar\u0131 ve taktikleri konusunda kendilerine yard\u0131mc\u0131 olacak Bat\u0131l\u0131 uzmanlar\u0131n bulundu\u011funu itiraf etti. Russia Today internet sitesinde Ukraynal\u0131 esirin \u015fu s\u00f6zleri aktar\u0131ld\u0131: &#8220;Liderlerimizden Bat\u0131l\u0131 e\u011fitmenlerle planlad\u0131klar\u0131n\u0131 duydum.&#8221; Telegram Kanal\u0131m\u0131z\u00a0||X Platformumuz\u00a0||Facebook Sayfam\u0131z<\/p>\n","protected":false},"author":36,"featured_media":306806,"comment_status":"closed","ping_status":"closed","sticky":false,"template":"","format":"standard","meta":{"footnotes":""},"categories":[458,459,17988],"tags":[],"class_list":["post-306804","post","type-post","status-publish","format-standard","has-post-thumbnail","","category-dunya1","category-haberler-arap-uluslararasi-politika","category-son-haberler"],"_links":{"self":[{"href":"https:\/\/archive.sana.sy\/tr\/index.php?rest_route=\/wp\/v2\/posts\/306804","targetHints":{"allow":["GET"]}}],"collection":[{"href":"https:\/\/archive.sana.sy\/tr\/index.php?rest_route=\/wp\/v2\/posts"}],"about":[{"href":"https:\/\/archive.sana.sy\/tr\/index.php?rest_route=\/wp\/v2\/types\/post"}],"author":[{"embeddable":true,"href":"https:\/\/archive.sana.sy\/tr\/index.php?rest_route=\/wp\/v2\/users\/36"}],"replies":[{"embeddable":true,"href":"https:\/\/archive.sana.sy\/tr\/index.php?rest_route=%2Fwp%2Fv2%2Fcomments&post=306804"}],"version-history":[{"count":3,"href":"https:\/\/archive.sana.sy\/tr\/index.php?rest_route=\/wp\/v2\/posts\/306804\/revisions"}],"predecessor-version":[{"id":306817,"href":"https:\/\/archive.sana.sy\/tr\/index.php?rest_route=\/wp\/v2\/posts\/306804\/revisions\/306817"}],"wp:featuredmedia":[{"embeddable":true,"href":"https:\/\/archive.sana.sy\/tr\/index.php?rest_route=\/wp\/v2\/media\/306806"}],"wp:attachment":[{"href":"https:\/\/archive.sana.sy\/tr\/index.php?rest_route=%2Fwp%2Fv2%2Fmedia&parent=306804"}],"wp:term":[{"taxonomy":"category","embeddable":true,"href":"https:\/\/archive.sana.sy\/tr\/index.php?rest_route=%2Fwp%2Fv2%2Fcategories&post=306804"},{"taxonomy":"post_tag","embeddable":true,"href":"https:\/\/archive.sana.sy\/tr\/index.php?rest_route=%2Fwp%2Fv2%2Ftags&post=306804"}],"curies":[{"name":"wp","href":"https:\/\/api.w.org\/{rel}","templated":true}]}}