{"id":306809,"date":"2024-08-16T12:54:28","date_gmt":"2024-08-16T09:54:28","guid":{"rendered":"https:\/\/sana.sy\/tr\/?p=306809"},"modified":"2024-08-17T08:52:40","modified_gmt":"2024-08-17T05:52:40","slug":"saldirinin-315inci-gununde-isgalcilerin-gazze-seridinin-cesitli-yerlerini-bombalamasinda-sehit-ve-yaralilar","status":"publish","type":"post","link":"https:\/\/archive.sana.sy\/tr\/?p=306809","title":{"rendered":"Sald\u0131r\u0131n\u0131n 315&#8217;inci G\u00fcn\u00fcnde \u0130\u015fgalcilerin Gazze \u015eeridi&#8217;nin \u00c7e\u015fitli Yerlerini Bombalamas\u0131nda \u015eehit ve Yaral\u0131lar"},"content":{"rendered":"<p style=\"text-align: justify;\"><strong>\u0130\u015eGAL ED\u0130LEN KUD\u00dcS (SANA) \u2013 <\/strong>i\u015fgalci \u0130srail&#8217;in Gazze \u015eeridi&#8217;ne s\u00fcrd\u00fcrd\u00fc\u011f\u00fc bombard\u0131man\u0131n 315&#8217;inci g\u00fcn\u00fc\u00a0 bug\u00fcn sabah\u0131; \u00e7ok say\u0131da Filistinli \u015fehit ve yaral\u0131 d\u00fc\u015ft\u00fc.<\/p>\n<p style=\"text-align: justify;\">Filistin Wafa Haber Ajans\u0131, i\u015fgal u\u00e7aklar\u0131n\u0131n Zuvayda b\u00f6lgesi ile Gazze \u015eeridi&#8217;nin merkezindeki Bureij ve Nuseyrat kamplar\u0131 dahil olmak \u00fczere Gazze \u015eeridi&#8217;nin \u00e7e\u015fitli b\u00f6lgelerini bombalamas\u0131 sonucu 10 Filistinlinin \u015fehit d\u00fc\u015ft\u00fc\u011f\u00fcn\u00fc, \u00e7ok say\u0131da ki\u015finin de yaraland\u0131\u011f\u0131n\u0131 bildirdi.<\/p>\n<p style=\"text-align: justify;\">\u0130\u015fgalcilerin Gazze \u015fehrinin bat\u0131s\u0131ndaki Saraya b\u00f6lgesinde bir evi bombalamas\u0131 sonucunda da bir gen\u00e7 hayat\u0131n\u0131 kaybetti, \u00e7ok say\u0131da ki\u015fi de yaraland\u0131.<\/p>\n<p style=\"text-align: justify;\">Gazze \u015eeridi&#8217;nin g\u00fcneyinde ise, Refah \u015fehrinin bat\u0131 b\u00f6lgelerine i\u015fgal u\u00e7aklar\u0131 ve top\u00e7u bombard\u0131man\u0131 sonucu bir Filistinli \u015fehit d\u00fc\u015ft\u00fc, \u00e7ok say\u0131da ki\u015fi de yaraland\u0131.<\/p>\n<p style=\"text-align: center;\"><strong><a href=\"https:\/\/t.me\/SuriyeArapHaberAjansI\">Telegram Kanal\u0131m\u0131z\u00a0<\/a>||<a href=\"https:\/\/twitter.com\/arap_ajans\">X Platformumuz\u00a0<\/a>||<a href=\"https:\/\/www.facebook.com\/SANAHaberAjansi\/\">Facebook Sayfam\u0131z<\/a><\/strong><\/p>\n","protected":false},"excerpt":{"rendered":"<p>\u0130\u015eGAL ED\u0130LEN KUD\u00dcS (SANA) \u2013 i\u015fgalci \u0130srail&#8217;in Gazze \u015eeridi&#8217;ne s\u00fcrd\u00fcrd\u00fc\u011f\u00fc bombard\u0131man\u0131n 315&#8217;inci g\u00fcn\u00fc\u00a0 bug\u00fcn sabah\u0131; \u00e7ok say\u0131da Filistinli \u015fehit ve yaral\u0131 d\u00fc\u015ft\u00fc. Filistin Wafa Haber Ajans\u0131, i\u015fgal u\u00e7aklar\u0131n\u0131n Zuvayda b\u00f6lgesi ile Gazze \u015eeridi&#8217;nin merkezindeki Bureij ve Nuseyrat kamplar\u0131 dahil olmak \u00fczere Gazze \u015eeridi&#8217;nin \u00e7e\u015fitli b\u00f6lgelerini bombalamas\u0131 sonucu 10 Filistinlinin \u015fehit d\u00fc\u015ft\u00fc\u011f\u00fcn\u00fc, \u00e7ok say\u0131da ki\u015finin de &hellip;<\/p>\n","protected":false},"author":36,"featured_media":306811,"comment_status":"closed","ping_status":"closed","sticky":false,"template":"","format":"standard","meta":{"footnotes":""},"categories":[458,459,17988],"tags":[],"class_list":["post-306809","post","type-post","status-publish","format-standard","has-post-thumbnail","","category-dunya1","category-haberler-arap-uluslararasi-politika","category-son-haberler"],"_links":{"self":[{"href":"https:\/\/archive.sana.sy\/tr\/index.php?rest_route=\/wp\/v2\/posts\/306809","targetHints":{"allow":["GET"]}}],"collection":[{"href":"https:\/\/archive.sana.sy\/tr\/index.php?rest_route=\/wp\/v2\/posts"}],"about":[{"href":"https:\/\/archive.sana.sy\/tr\/index.php?rest_route=\/wp\/v2\/types\/post"}],"author":[{"embeddable":true,"href":"https:\/\/archive.sana.sy\/tr\/index.php?rest_route=\/wp\/v2\/users\/36"}],"replies":[{"embeddable":true,"href":"https:\/\/archive.sana.sy\/tr\/index.php?rest_route=%2Fwp%2Fv2%2Fcomments&post=306809"}],"version-history":[{"count":3,"href":"https:\/\/archive.sana.sy\/tr\/index.php?rest_route=\/wp\/v2\/posts\/306809\/revisions"}],"predecessor-version":[{"id":306819,"href":"https:\/\/archive.sana.sy\/tr\/index.php?rest_route=\/wp\/v2\/posts\/306809\/revisions\/306819"}],"wp:featuredmedia":[{"embeddable":true,"href":"https:\/\/archive.sana.sy\/tr\/index.php?rest_route=\/wp\/v2\/media\/306811"}],"wp:attachment":[{"href":"https:\/\/archive.sana.sy\/tr\/index.php?rest_route=%2Fwp%2Fv2%2Fmedia&parent=306809"}],"wp:term":[{"taxonomy":"category","embeddable":true,"href":"https:\/\/archive.sana.sy\/tr\/index.php?rest_route=%2Fwp%2Fv2%2Fcategories&post=306809"},{"taxonomy":"post_tag","embeddable":true,"href":"https:\/\/archive.sana.sy\/tr\/index.php?rest_route=%2Fwp%2Fv2%2Ftags&post=306809"}],"curies":[{"name":"wp","href":"https:\/\/api.w.org\/{rel}","templated":true}]}}