{"id":306813,"date":"2024-08-16T16:12:25","date_gmt":"2024-08-16T13:12:25","guid":{"rendered":"https:\/\/sana.sy\/tr\/?p=306813"},"modified":"2024-08-17T12:02:31","modified_gmt":"2024-08-17T09:02:31","slug":"hama-kirsalinda-selemiyenin-batisinda-49-derece-buyuklugunde-deprem","status":"publish","type":"post","link":"https:\/\/archive.sana.sy\/tr\/?p=306813","title":{"rendered":"Hama K\u0131rsal\u0131nda Selemiye&#8217;nin Bat\u0131s\u0131nda 4,9 Derece B\u00fcy\u00fckl\u00fc\u011f\u00fcnde Deprem"},"content":{"rendered":"<p style=\"text-align: justify;\"><strong>\u015eAM (SANA)<\/strong> &#8211; Hama&#8217;n\u0131n do\u011fu k\u0131rsal\u0131ndaki Selemiye \u015fehrinin bat\u0131s\u0131nda Richter \u00f6l\u00e7e\u011fine g\u00f6re 4,9 b\u00fcy\u00fckl\u00fc\u011f\u00fcnde bir deprem meydana geldi.<\/p>\n<p style=\"text-align: justify;\">Ulusal Sismoloji Merkezi, sismik izleme istasyonlar\u0131n\u0131n sars\u0131nt\u0131y\u0131 saat 13.15&#8217;te kaydetti\u011fini ve merkez \u00fcss\u00fcn\u00fcn Hama kentinin 23 kilometre do\u011fusunda oldu\u011funu a\u00e7\u0131klayarak, sonraki a\u015famada zay\u0131f ila orta \u015fiddette sars\u0131nt\u0131lar\u0131n kaydedilmeye devam edece\u011fine i\u015faret etti.<\/p>\n<p style=\"text-align: justify;\">Merkez d\u00fcn per\u015fembe g\u00fcn\u00fcnden bu sabah saat sekize kadar 9 sars\u0131nt\u0131 kaydetmi\u015fti. Sars\u0131nt\u0131lar\u0131n Hama, Lazkiye, Humus, Halep ve Tartus vilayetlerinde zay\u0131f ila orta \u015fiddet aral\u0131\u011f\u0131nda oldu\u011fu da belirtilmi\u015fti.<\/p>\n<p style=\"text-align: center;\"><strong><a href=\"https:\/\/t.me\/SuriyeArapHaberAjansI\">Telegram Kanal\u0131m\u0131z\u00a0<\/a>||<a href=\"https:\/\/twitter.com\/arap_ajans\">X Platformumuz\u00a0<\/a>||<a href=\"https:\/\/www.facebook.com\/SANAHaberAjansi\/\">Facebook Sayfam\u0131z<\/a><\/strong><\/p>\n","protected":false},"excerpt":{"rendered":"<p>\u015eAM (SANA) &#8211; Hama&#8217;n\u0131n do\u011fu k\u0131rsal\u0131ndaki Selemiye \u015fehrinin bat\u0131s\u0131nda Richter \u00f6l\u00e7e\u011fine g\u00f6re 4,9 b\u00fcy\u00fckl\u00fc\u011f\u00fcnde bir deprem meydana geldi. Ulusal Sismoloji Merkezi, sismik izleme istasyonlar\u0131n\u0131n sars\u0131nt\u0131y\u0131 saat 13.15&#8217;te kaydetti\u011fini ve merkez \u00fcss\u00fcn\u00fcn Hama kentinin 23 kilometre do\u011fusunda oldu\u011funu a\u00e7\u0131klayarak, sonraki a\u015famada zay\u0131f ila orta \u015fiddette sars\u0131nt\u0131lar\u0131n kaydedilmeye devam edece\u011fine i\u015faret etti. Merkez d\u00fcn per\u015fembe g\u00fcn\u00fcnden bu &hellip;<\/p>\n","protected":false},"author":43,"featured_media":306814,"comment_status":"closed","ping_status":"closed","sticky":false,"template":"","format":"standard","meta":{"footnotes":""},"categories":[479,17988,478],"tags":[42153,42152],"class_list":["post-306813","post","type-post","status-publish","format-standard","has-post-thumbnail","","category-haberler-yerel","category-son-haberler","category-yerel","tag-9-derece-buyuklugunde-deprem","tag-hama-kirsalinda-selemiyenin-batisinda-4"],"_links":{"self":[{"href":"https:\/\/archive.sana.sy\/tr\/index.php?rest_route=\/wp\/v2\/posts\/306813","targetHints":{"allow":["GET"]}}],"collection":[{"href":"https:\/\/archive.sana.sy\/tr\/index.php?rest_route=\/wp\/v2\/posts"}],"about":[{"href":"https:\/\/archive.sana.sy\/tr\/index.php?rest_route=\/wp\/v2\/types\/post"}],"author":[{"embeddable":true,"href":"https:\/\/archive.sana.sy\/tr\/index.php?rest_route=\/wp\/v2\/users\/43"}],"replies":[{"embeddable":true,"href":"https:\/\/archive.sana.sy\/tr\/index.php?rest_route=%2Fwp%2Fv2%2Fcomments&post=306813"}],"version-history":[{"count":1,"href":"https:\/\/archive.sana.sy\/tr\/index.php?rest_route=\/wp\/v2\/posts\/306813\/revisions"}],"predecessor-version":[{"id":306815,"href":"https:\/\/archive.sana.sy\/tr\/index.php?rest_route=\/wp\/v2\/posts\/306813\/revisions\/306815"}],"wp:featuredmedia":[{"embeddable":true,"href":"https:\/\/archive.sana.sy\/tr\/index.php?rest_route=\/wp\/v2\/media\/306814"}],"wp:attachment":[{"href":"https:\/\/archive.sana.sy\/tr\/index.php?rest_route=%2Fwp%2Fv2%2Fmedia&parent=306813"}],"wp:term":[{"taxonomy":"category","embeddable":true,"href":"https:\/\/archive.sana.sy\/tr\/index.php?rest_route=%2Fwp%2Fv2%2Fcategories&post=306813"},{"taxonomy":"post_tag","embeddable":true,"href":"https:\/\/archive.sana.sy\/tr\/index.php?rest_route=%2Fwp%2Fv2%2Ftags&post=306813"}],"curies":[{"name":"wp","href":"https:\/\/api.w.org\/{rel}","templated":true}]}}