{"id":306820,"date":"2024-08-16T10:00:48","date_gmt":"2024-08-16T07:00:48","guid":{"rendered":"https:\/\/sana.sy\/tr\/?p=306820"},"modified":"2024-08-17T08:52:36","modified_gmt":"2024-08-17T05:52:36","slug":"rusya-savunmasi-karadeniz-uzerinde-bes-ukraynali-ihayi-imha-ettik","status":"publish","type":"post","link":"https:\/\/archive.sana.sy\/tr\/?p=306820","title":{"rendered":"Rusya Savunmas\u0131: Karadeniz \u00dczerinde Be\u015f Ukraynal\u0131 \u0130HA&#8217;y\u0131 \u0130mha Ettik"},"content":{"rendered":"<p style=\"text-align: justify;\"><strong>MOSKOVA (SANA) &#8211;<\/strong>\u00a0 Bug\u00fcn Rusya Savunma Bakanl\u0131\u011f\u0131, Karadeniz&#8217;de be\u015f Ukrayna \u0130HA&#8217;s\u0131n\u0131n ve K\u0131r\u0131m Yar\u0131madas\u0131&#8217;na do\u011fru ilerleyen iki \u0130HA botunun durdurulup imha edildi\u011fini duyurdu.<\/p>\n<p style=\"text-align: justify;\">Sputnik, bakanl\u0131\u011f\u0131n yapt\u0131\u011f\u0131 a\u00e7\u0131klamada \u015funlar\u0131 kaydetti: \u201cD\u00fcn gece Kiev rejimi Rusya topraklar\u0131ndaki hedeflere insans\u0131z hava ara\u00e7lar\u0131yla ter\u00f6r sald\u0131r\u0131s\u0131 d\u00fczenlemeye \u00e7al\u0131\u015ft\u0131 ve operasyonel hava savunma sistemleri Karadeniz \u00fczerinde be\u015f u\u00e7a\u011f\u0131 imha etti.Karadeniz&#8217;deki ate\u015fli silahlar, K\u0131r\u0131m Yar\u0131madas\u0131&#8217;na do\u011fru yola \u00e7\u0131kan iki tekneyi de imha etti.&#8221;<\/p>\n<p style=\"text-align: justify;\">Ukrayna silahl\u0131 kuvvetleri neredeyse her g\u00fcn K\u0131r\u0131m Cumhuriyeti&#8217;ndeki Rusya s\u0131n\u0131r b\u00f6lgelerini ve Belgorod, Bryansk, Kursk, Voronezh ve Rostov eyaletlerini insans\u0131z hava ara\u00e7lar\u0131 ve f\u00fczelerle hedef al\u0131yor. Rus hava savunmalar\u0131 ise, \u00a0kar\u015f\u0131lar\u0131na \u00e7\u0131karken d\u00fc\u015f\u00fcp \u00e7o\u011funu yok ediyor.<\/p>\n<p style=\"text-align: justify;\">Bu ba\u011flamda Rusya Savunma Bakanl\u0131\u011f\u0131, Ukrayna Lancet z\u0131rhl\u0131 arac\u0131n\u0131n Kursk ekseninde imhas\u0131na ili\u015fkin yeni g\u00f6r\u00fcnt\u00fcler yay\u0131nlad\u0131.<\/p>\n<p style=\"text-align: justify;\">\u0130lgili bir ba\u011flamda, Nikolaev b\u00f6lgesindeki gizli eylem gruplar\u0131n\u0131n koordinat\u00f6r\u00fc Sergey Lebedev, Rus ordusunun Kursk b\u00f6lgesindeki cephe hatt\u0131na g\u00f6nderilmesi gereken Krivoy Rog b\u00f6lgesindeki bir m\u00fchimmat deposunu ve askeri te\u00e7hizatla dolu bir treni hedef ald\u0131\u011f\u0131n\u0131 duyurdu.<\/p>\n<p style=\"text-align: justify;\">Lebedev ayr\u0131ca \u015fular\u0131 ekledi, &#8220;\u00d6nce g\u00fc\u00e7l\u00fc bir patlama oldu, ard\u0131ndan daha az g\u00fc\u00e7l\u00fc birka\u00e7 patlama oldu ve Krivoy Rog sakinleri patlamalar\u0131 duydu ve bir yang\u0131n g\u00f6rd\u00fc&#8221; dedi.<\/p>\n<p style=\"text-align: center;\"><strong><a href=\"https:\/\/t.me\/SuriyeArapHaberAjansI\">Telegram Kanal\u0131m\u0131z\u00a0<\/a>||<a href=\"https:\/\/twitter.com\/arap_ajans\">X Platformumuz\u00a0<\/a>||<a href=\"https:\/\/www.facebook.com\/SANAHaberAjansi\/\">Facebook Sayfam\u0131z<\/a><\/strong><\/p>\n","protected":false},"excerpt":{"rendered":"<p>MOSKOVA (SANA) &#8211;\u00a0 Bug\u00fcn Rusya Savunma Bakanl\u0131\u011f\u0131, Karadeniz&#8217;de be\u015f Ukrayna \u0130HA&#8217;s\u0131n\u0131n ve K\u0131r\u0131m Yar\u0131madas\u0131&#8217;na do\u011fru ilerleyen iki \u0130HA botunun durdurulup imha edildi\u011fini duyurdu. Sputnik, bakanl\u0131\u011f\u0131n yapt\u0131\u011f\u0131 a\u00e7\u0131klamada \u015funlar\u0131 kaydetti: \u201cD\u00fcn gece Kiev rejimi Rusya topraklar\u0131ndaki hedeflere insans\u0131z hava ara\u00e7lar\u0131yla ter\u00f6r sald\u0131r\u0131s\u0131 d\u00fczenlemeye \u00e7al\u0131\u015ft\u0131 ve operasyonel hava savunma sistemleri Karadeniz \u00fczerinde be\u015f u\u00e7a\u011f\u0131 imha etti.Karadeniz&#8217;deki ate\u015fli &hellip;<\/p>\n","protected":false},"author":43,"featured_media":306821,"comment_status":"closed","ping_status":"closed","sticky":false,"template":"","format":"standard","meta":{"footnotes":""},"categories":[458,459,17988],"tags":[42154,42155],"class_list":["post-306820","post","type-post","status-publish","format-standard","has-post-thumbnail","","category-dunya1","category-haberler-arap-uluslararasi-politika","category-son-haberler","tag-rusya-savunmasi-karadeniz-uzerinde-bes-ukraynali-ihayi-imha-ettik","tag-ukraynali-iha"],"_links":{"self":[{"href":"https:\/\/archive.sana.sy\/tr\/index.php?rest_route=\/wp\/v2\/posts\/306820","targetHints":{"allow":["GET"]}}],"collection":[{"href":"https:\/\/archive.sana.sy\/tr\/index.php?rest_route=\/wp\/v2\/posts"}],"about":[{"href":"https:\/\/archive.sana.sy\/tr\/index.php?rest_route=\/wp\/v2\/types\/post"}],"author":[{"embeddable":true,"href":"https:\/\/archive.sana.sy\/tr\/index.php?rest_route=\/wp\/v2\/users\/43"}],"replies":[{"embeddable":true,"href":"https:\/\/archive.sana.sy\/tr\/index.php?rest_route=%2Fwp%2Fv2%2Fcomments&post=306820"}],"version-history":[{"count":1,"href":"https:\/\/archive.sana.sy\/tr\/index.php?rest_route=\/wp\/v2\/posts\/306820\/revisions"}],"predecessor-version":[{"id":306822,"href":"https:\/\/archive.sana.sy\/tr\/index.php?rest_route=\/wp\/v2\/posts\/306820\/revisions\/306822"}],"wp:featuredmedia":[{"embeddable":true,"href":"https:\/\/archive.sana.sy\/tr\/index.php?rest_route=\/wp\/v2\/media\/306821"}],"wp:attachment":[{"href":"https:\/\/archive.sana.sy\/tr\/index.php?rest_route=%2Fwp%2Fv2%2Fmedia&parent=306820"}],"wp:term":[{"taxonomy":"category","embeddable":true,"href":"https:\/\/archive.sana.sy\/tr\/index.php?rest_route=%2Fwp%2Fv2%2Fcategories&post=306820"},{"taxonomy":"post_tag","embeddable":true,"href":"https:\/\/archive.sana.sy\/tr\/index.php?rest_route=%2Fwp%2Fv2%2Ftags&post=306820"}],"curies":[{"name":"wp","href":"https:\/\/api.w.org\/{rel}","templated":true}]}}