{"id":306823,"date":"2024-08-16T09:00:24","date_gmt":"2024-08-16T06:00:24","guid":{"rendered":"https:\/\/sana.sy\/tr\/?p=306823"},"modified":"2024-08-17T08:52:36","modified_gmt":"2024-08-17T05:52:36","slug":"maduro-abdnin-emperyalist-politikasi-diger-ulkelerin-icislerine-mudahaleye-dayaniyor","status":"publish","type":"post","link":"https:\/\/archive.sana.sy\/tr\/?p=306823","title":{"rendered":"Maduro: ABD&#8217;nin Emperyalist Politikas\u0131 Di\u011fer \u00dclkelerin \u0130\u00e7i\u015flerine M\u00fcdahaleye Dayan\u0131yor"},"content":{"rendered":"<p style=\"text-align: justify;\"><strong>KARAKAS <\/strong><strong>(SANA)<\/strong> \u2013 Venez\u00fcela Devlet Ba\u015fkan\u0131 Nicolas Maduro, ABD&#8217;nin &#8220;Venez\u00fcela&#8217;n\u0131n y\u00fcr\u00fctme organ\u0131&#8221; olma giri\u015fimi de dahil olmak \u00fczere di\u011fer \u00fclkelerin egemenlik i\u015flerine m\u00fcdahaleye dayal\u0131 emperyalist bir politika izledi\u011fini do\u011frulad\u0131.<\/p>\n<p style=\"text-align: justify;\">TASS, Maduro&#8217;nun Venez\u00fcela Televizyonu&#8217;na verdi\u011fi r\u00f6portajda, &#8220;ABD&#8217;nin Venez\u00fcela&#8217;n\u0131n veya d\u00fcnyadaki herhangi bir \u00fclkenin y\u00fcr\u00fctme organ\u0131 olma giri\u015fimini tamamen reddediyorum&#8221; diyerek, &#8220;Va\u015fington emperyalist bir m\u00fcdahale politikas\u0131 izliyor ve biz de kendi a\u00e7\u0131m\u0131zdan \u00a0ona bunun yerine bir\u00e7ok i\u00e7 sorununu \u00e7\u00f6zmesini tavsiye ediyoruz&#8221; ifadelerini kulland\u0131\u011f\u0131n\u0131 aktard\u0131.<\/p>\n<p style=\"text-align: justify;\">Maduro, ABD Ba\u015fkan\u0131 Joe Biden&#8217;\u0131n d\u00fcn Venez\u00fcela ba\u015fkanl\u0131k se\u00e7imlerine ili\u015fkin yapt\u0131\u011f\u0131 a\u00e7\u0131klaman\u0131n Venez\u00fcela D\u0131\u015fi\u015fleri Bakanl\u0131\u011f\u0131 taraf\u0131ndan yalanland\u0131\u011f\u0131n\u0131 da s\u00f6zlerine ekleyerek alayc\u0131 bir \u015fekilde &#8220;ABD&#8217;yi tam olarak kim y\u00f6netiyor?&#8221; diye sordu.<\/p>\n<p style=\"text-align: center;\"><strong><a href=\"https:\/\/t.me\/SuriyeArapHaberAjansI\">Telegram Kanal\u0131m\u0131z\u00a0<\/a>||<a href=\"https:\/\/twitter.com\/arap_ajans\">X Platformumuz\u00a0<\/a>||<a href=\"https:\/\/www.facebook.com\/SANAHaberAjansi\/\">Facebook Sayfam\u0131z<\/a><\/strong><\/p>\n","protected":false},"excerpt":{"rendered":"<p>KARAKAS (SANA) \u2013 Venez\u00fcela Devlet Ba\u015fkan\u0131 Nicolas Maduro, ABD&#8217;nin &#8220;Venez\u00fcela&#8217;n\u0131n y\u00fcr\u00fctme organ\u0131&#8221; olma giri\u015fimi de dahil olmak \u00fczere di\u011fer \u00fclkelerin egemenlik i\u015flerine m\u00fcdahaleye dayal\u0131 emperyalist bir politika izledi\u011fini do\u011frulad\u0131. TASS, Maduro&#8217;nun Venez\u00fcela Televizyonu&#8217;na verdi\u011fi r\u00f6portajda, &#8220;ABD&#8217;nin Venez\u00fcela&#8217;n\u0131n veya d\u00fcnyadaki herhangi bir \u00fclkenin y\u00fcr\u00fctme organ\u0131 olma giri\u015fimini tamamen reddediyorum&#8221; diyerek, &#8220;Va\u015fington emperyalist bir m\u00fcdahale politikas\u0131 izliyor &hellip;<\/p>\n","protected":false},"author":43,"featured_media":306825,"comment_status":"closed","ping_status":"closed","sticky":false,"template":"","format":"standard","meta":{"footnotes":""},"categories":[458,459,17988],"tags":[42157,42156,42158],"class_list":["post-306823","post","type-post","status-publish","format-standard","has-post-thumbnail","","category-dunya1","category-haberler-arap-uluslararasi-politika","category-son-haberler","tag-abdnin-emperyalist-politikasi","tag-maduro-abdnin-emperyalist-politikasi-diger-ulkelerin-icislerine-mudahaleye-dayaniyor","tag-ulkelerin-icislerine-mudahale"],"_links":{"self":[{"href":"https:\/\/archive.sana.sy\/tr\/index.php?rest_route=\/wp\/v2\/posts\/306823","targetHints":{"allow":["GET"]}}],"collection":[{"href":"https:\/\/archive.sana.sy\/tr\/index.php?rest_route=\/wp\/v2\/posts"}],"about":[{"href":"https:\/\/archive.sana.sy\/tr\/index.php?rest_route=\/wp\/v2\/types\/post"}],"author":[{"embeddable":true,"href":"https:\/\/archive.sana.sy\/tr\/index.php?rest_route=\/wp\/v2\/users\/43"}],"replies":[{"embeddable":true,"href":"https:\/\/archive.sana.sy\/tr\/index.php?rest_route=%2Fwp%2Fv2%2Fcomments&post=306823"}],"version-history":[{"count":2,"href":"https:\/\/archive.sana.sy\/tr\/index.php?rest_route=\/wp\/v2\/posts\/306823\/revisions"}],"predecessor-version":[{"id":306827,"href":"https:\/\/archive.sana.sy\/tr\/index.php?rest_route=\/wp\/v2\/posts\/306823\/revisions\/306827"}],"wp:featuredmedia":[{"embeddable":true,"href":"https:\/\/archive.sana.sy\/tr\/index.php?rest_route=\/wp\/v2\/media\/306825"}],"wp:attachment":[{"href":"https:\/\/archive.sana.sy\/tr\/index.php?rest_route=%2Fwp%2Fv2%2Fmedia&parent=306823"}],"wp:term":[{"taxonomy":"category","embeddable":true,"href":"https:\/\/archive.sana.sy\/tr\/index.php?rest_route=%2Fwp%2Fv2%2Fcategories&post=306823"},{"taxonomy":"post_tag","embeddable":true,"href":"https:\/\/archive.sana.sy\/tr\/index.php?rest_route=%2Fwp%2Fv2%2Ftags&post=306823"}],"curies":[{"name":"wp","href":"https:\/\/api.w.org\/{rel}","templated":true}]}}