{"id":306832,"date":"2024-08-16T18:56:54","date_gmt":"2024-08-16T15:56:54","guid":{"rendered":"https:\/\/sana.sy\/tr\/?p=306832"},"modified":"2024-08-18T13:49:51","modified_gmt":"2024-08-18T10:49:51","slug":"abdulati-misir-lubnanin-egemenligini-desteklemekte-ve-israilin-lubnana-yonelik-her-turlu-saldirisini-kinamaktadir","status":"publish","type":"post","link":"https:\/\/archive.sana.sy\/tr\/?p=306832","title":{"rendered":"Abdulati: M\u0131s\u0131r, L\u00fcbnan&#8217;\u0131n Egemenli\u011fini Destekliyor Ve \u0130srail&#8217;in L\u00fcbnan&#8217;a Y\u00f6nelik Her T\u00fcrl\u00fc Sald\u0131r\u0131s\u0131n\u0131 K\u0131n\u0131yor"},"content":{"rendered":"<p style=\"text-align: justify;\"><strong>BEYRUT<\/strong><strong> (SANA) &#8211;<\/strong> M\u0131s\u0131r D\u0131\u015fi\u015fleri Bakan\u0131 Bedir Abdulati, L\u00fcbnan Ge\u00e7ici H\u00fck\u00fcmeti Ba\u015fbakan\u0131 Necib Mikati ve Temsilciler Meclisi Ba\u015fkan\u0131 Nebih Berri ile L\u00fcbnan ile M\u0131s\u0131r aras\u0131ndaki ili\u015fkiler ve \u0130srail sald\u0131r\u0131lar\u0131 nedeniyle b\u00f6lgede ya\u015fanan gerilimin durdurulmas\u0131 i\u00e7in yap\u0131lan \u00e7al\u0131\u015fmalar\u0131 g\u00f6r\u00fc\u015ft\u00fc.<\/p>\n<p style=\"text-align: justify;\">L\u00fcbnan Haber Ajans\u0131&#8217;n\u0131n haberine g\u00f6re Mikati, L\u00fcbnan&#8217;\u0131n, Gazze&#8217;de ate\u015fkes sa\u011flanmas\u0131 ve \u0130srail&#8217;in g\u00fcney L\u00fcbnan&#8217;a y\u00f6nelik sald\u0131r\u0131lar\u0131n\u0131 durdurmaya y\u00f6nelik uluslararas\u0131 ve Arap \u00e7abalar\u0131n\u0131 takdir etti\u011fini ifade etti.<\/p>\n<p style=\"text-align: justify;\">Berri ise, b\u00f6lgedeki \u00e7at\u0131\u015fman\u0131n as\u0131l k\u00f6keninin Filistin meselesi oldu\u011funu vurgulayarak Filistin halk\u0131na me\u015fru haklar\u0131n\u0131n tan\u0131nmas\u0131n\u0131 dikkate ald\u0131. Berri, L\u00fcbnan ile M\u0131s\u0131r aras\u0131ndaki g\u00f6r\u00fc\u015f benzerli\u011fini belirtti.<\/p>\n<p style=\"text-align: justify;\">Berri ayr\u0131ca, ate\u015fkes \u00e7abalar\u0131n\u0131n ba\u015far\u0131s\u0131n\u0131n b\u00f6lgede istikrar\u0131n ve \u00e7\u00f6z\u00fcmlerin geri gelmesinin ana kap\u0131s\u0131 oldu\u011funu de\u011ferlendirdi.<\/p>\n<p style=\"text-align: justify;\">Kendi y\u00f6n\u00fcnden,M\u0131s\u0131r D\u0131\u015fi\u015fleri Bakan\u0131, L\u00fcbnanl\u0131 mevkida\u015f\u0131 Abdullah Bu Habib ile g\u00f6r\u00fc\u015fmesinin ard\u0131ndan, Beyrut&#8217;un g\u00fcney banliy\u00f6s\u00fcne y\u00f6nelik sald\u0131r\u0131n\u0131n kabul edilemez oldu\u011funu ve M\u0131s\u0131r taraf\u0131ndan \u015fiddetle k\u0131nand\u0131\u011f\u0131n\u0131 vurgulayarak \u00fclkesinin L\u00fcbnan&#8217;\u0131n egemenli\u011fine y\u00f6nelik her t\u00fcrl\u00fc ihlali k\u0131nad\u0131\u011f\u0131n\u0131 ifade etti.<\/p>\n<p style=\"text-align: justify;\">Abdulati ayr\u0131ca, Bu Habib ile d\u00fczenledi\u011fi bas\u0131n toplant\u0131s\u0131nda \u015funlar\u0131 s\u00f6yledi: Suikast politikas\u0131 tamamen reddediliyor ve M\u0131s\u0131r, bu \u00e7etin ve zor durumda L\u00fcbnan&#8217;\u0131n yan\u0131nda duruyor ve dayan\u0131\u015fma i\u00e7indedir.<\/p>\n<p style=\"text-align: justify;\">Abdulati, Gazze&#8217;de derhal ate\u015fkes sa\u011flanmas\u0131 i\u00e7in hi\u00e7bir \u00e7abadan ka\u00e7\u0131nmayacaklar\u0131n\u0131, bunun t\u0131rman\u0131\u015f\u0131n durdurulmas\u0131 ve gerginli\u011fin azalt\u0131lmas\u0131 i\u00e7in bir temel oldu\u011funu s\u00f6yledi.<\/p>\n<p style=\"text-align: justify;\">Abdulati, Gazze \u015eeridi&#8217;ne y\u00f6nelik sald\u0131r\u0131lar\u0131n devam etmesi ve sivillerin hedef al\u0131nmas\u0131n\u0131n b\u00f6lgedeki gerilimin ana nedeni oldu\u011funuda\u00a0 vurgulad\u0131.<\/p>\n<p style=\"text-align: justify;\">L\u00fcbnan D\u0131\u015fi\u015fleri Bakan\u0131 da, uluslararas\u0131 topluma \u0130srail&#8217;in Gazze ve L\u00fcbnan&#8217;a y\u00f6nelik sald\u0131rganl\u0131\u011f\u0131na son verilmesi ve ate\u015fkes sa\u011flanmas\u0131 \u00e7a\u011fr\u0131s\u0131n\u0131 yineledi.<\/p>\n<p style=\"text-align: center;\"><strong><a href=\"https:\/\/t.me\/SuriyeArapHaberAjansI\">Telegram Kanal\u0131m\u0131z\u00a0<\/a>||<a href=\"https:\/\/twitter.com\/arap_ajans\">X Platformumuz\u00a0<\/a>||<a href=\"https:\/\/www.facebook.com\/SANAHaberAjansi\/\">Facebook Sayfam\u0131z<\/a><\/strong><\/p>\n","protected":false},"excerpt":{"rendered":"<p>BEYRUT (SANA) &#8211; M\u0131s\u0131r D\u0131\u015fi\u015fleri Bakan\u0131 Bedir Abdulati, L\u00fcbnan Ge\u00e7ici H\u00fck\u00fcmeti Ba\u015fbakan\u0131 Necib Mikati ve Temsilciler Meclisi Ba\u015fkan\u0131 Nebih Berri ile L\u00fcbnan ile M\u0131s\u0131r aras\u0131ndaki ili\u015fkiler ve \u0130srail sald\u0131r\u0131lar\u0131 nedeniyle b\u00f6lgede ya\u015fanan gerilimin durdurulmas\u0131 i\u00e7in yap\u0131lan \u00e7al\u0131\u015fmalar\u0131 g\u00f6r\u00fc\u015ft\u00fc. L\u00fcbnan Haber Ajans\u0131&#8217;n\u0131n haberine g\u00f6re Mikati, L\u00fcbnan&#8217;\u0131n, Gazze&#8217;de ate\u015fkes sa\u011flanmas\u0131 ve \u0130srail&#8217;in g\u00fcney L\u00fcbnan&#8217;a y\u00f6nelik sald\u0131r\u0131lar\u0131n\u0131 durdurmaya &hellip;<\/p>\n","protected":false},"author":43,"featured_media":306833,"comment_status":"closed","ping_status":"closed","sticky":false,"template":"","format":"standard","meta":{"footnotes":""},"categories":[458,459,17988],"tags":[42159,42165,42167,42166,42162,42163,42161,42160,15635,42164,42170,42168,42169],"class_list":["post-306832","post","type-post","status-publish","format-standard","has-post-thumbnail","","category-dunya1","category-haberler-arap-uluslararasi-politika","category-son-haberler","tag-abdulati-misir","tag-bedr-abdulati","tag-bolgedeki-catismanin-asil-kokeni","tag-gazzede-ateskes-saglanmasi","tag-israilin-lubnana-yonelik","tag-lubnan-ile-misir-arasindaki-gorus-benzerligi","tag-lubnanin-egemenligini-desteklemek","tag-lubnanin-egemenligini-desteklemekte-ve-israilin-lubnana-yonelik-her-turlu-saldirisini-kinamaktadir","tag-misir-disisleri-bakani","tag-misir-disisleri-bakani-bedr-abdulati","tag-nebih-berri","tag-suikast-politikasi","tag-temsilciler-meclisi-baskani-nebih-berri"],"_links":{"self":[{"href":"https:\/\/archive.sana.sy\/tr\/index.php?rest_route=\/wp\/v2\/posts\/306832","targetHints":{"allow":["GET"]}}],"collection":[{"href":"https:\/\/archive.sana.sy\/tr\/index.php?rest_route=\/wp\/v2\/posts"}],"about":[{"href":"https:\/\/archive.sana.sy\/tr\/index.php?rest_route=\/wp\/v2\/types\/post"}],"author":[{"embeddable":true,"href":"https:\/\/archive.sana.sy\/tr\/index.php?rest_route=\/wp\/v2\/users\/43"}],"replies":[{"embeddable":true,"href":"https:\/\/archive.sana.sy\/tr\/index.php?rest_route=%2Fwp%2Fv2%2Fcomments&post=306832"}],"version-history":[{"count":4,"href":"https:\/\/archive.sana.sy\/tr\/index.php?rest_route=\/wp\/v2\/posts\/306832\/revisions"}],"predecessor-version":[{"id":306851,"href":"https:\/\/archive.sana.sy\/tr\/index.php?rest_route=\/wp\/v2\/posts\/306832\/revisions\/306851"}],"wp:featuredmedia":[{"embeddable":true,"href":"https:\/\/archive.sana.sy\/tr\/index.php?rest_route=\/wp\/v2\/media\/306833"}],"wp:attachment":[{"href":"https:\/\/archive.sana.sy\/tr\/index.php?rest_route=%2Fwp%2Fv2%2Fmedia&parent=306832"}],"wp:term":[{"taxonomy":"category","embeddable":true,"href":"https:\/\/archive.sana.sy\/tr\/index.php?rest_route=%2Fwp%2Fv2%2Fcategories&post=306832"},{"taxonomy":"post_tag","embeddable":true,"href":"https:\/\/archive.sana.sy\/tr\/index.php?rest_route=%2Fwp%2Fv2%2Ftags&post=306832"}],"curies":[{"name":"wp","href":"https:\/\/api.w.org\/{rel}","templated":true}]}}