{"id":306842,"date":"2024-08-17T09:17:58","date_gmt":"2024-08-17T06:17:58","guid":{"rendered":"https:\/\/sana.sy\/tr\/?p=306842"},"modified":"2024-08-18T13:50:10","modified_gmt":"2024-08-18T10:50:10","slug":"gazze-seridinin-cesitli-bolgelerine-duzenlenen-isgal-bombardimani-sonucu-16-sehit-ve-onlarca-kisi-yaralandi","status":"publish","type":"post","link":"https:\/\/archive.sana.sy\/tr\/?p=306842","title":{"rendered":"Gazze \u015eeridi&#8217;nin \u00c7e\u015fitli B\u00f6lgelerine D\u00fczenlenen \u0130\u015fgal Bombard\u0131man\u0131 Sonucu 16 \u015eehit ve Onlarca Ki\u015fi Yaraland\u0131"},"content":{"rendered":"<p style=\"text-align: justify;\"><strong>\u0130\u015eGAL ED\u0130LEN KUD\u00dcS (SANA) \u2013\u00a0<\/strong>\u0130srail i\u015fgal u\u00e7aklar\u0131n\u0131n Gazze \u015eeridi&#8217;nin \u00e7e\u015fitli b\u00f6lgelerini bombalamas\u0131 sonucu bug\u00fcn \u015fafak vakti 16 Filistinli \u015fehit d\u00fc\u015ft\u00fc, onlarca ki\u015fi de yaraland\u0131.<\/p>\n<p style=\"text-align: justify;\">Filistinli WAFA Haber Ajans\u0131, i\u015fgal u\u00e7aklar\u0131n\u0131n Gazze \u015eeridi&#8217;nin merkezindeki Zuveyda b\u00f6lgesinde yerinden edilmi\u015f insanlara y\u00f6nelik \u00e7ad\u0131rlar\u0131 bombalad\u0131\u011f\u0131n\u0131, 15 ki\u015finin \u00f6ld\u00fc\u011f\u00fcn\u00fc ve d\u00fczinelerce ki\u015finin yaraland\u0131\u011f\u0131n\u0131 bildirdi.<\/p>\n<p style=\"text-align: justify;\">\u0130\u015fgal u\u00e7aklar\u0131n\u0131n \u015eeyh R\u0131dvan mahallesindeki bir evi bombalamas\u0131 sonucu bir Filistinli de \u015fehit d\u00fc\u015ft\u00fc, \u00e7ok say\u0131da ki\u015fi de yaraland\u0131.<\/p>\n<p style=\"text-align: justify;\">Han Yunus kentinde, kentin do\u011fusundaki Avrupa Hastanesi yak\u0131n\u0131ndaki bir evin i\u015fgalci taraf\u0131ndan bombalanmas\u0131 sonucu aralar\u0131nda bir \u00e7ocu\u011fun da bulundu\u011fu \u00e7ok say\u0131da Filistinli yaraland\u0131.<\/p>\n<p style=\"text-align: justify;\">Bu arada i\u015fgal g\u00fc\u00e7leri, Gazze \u015eeridi&#8217;nin g\u00fcneyindeki Refah \u015fehrinin bat\u0131s\u0131ndaki Tel Al-Sultan mahallesindeki konutlar\u0131 havaya u\u00e7urdu.<\/p>\n<p style=\"text-align: center;\"><strong><a href=\"https:\/\/t.me\/SuriyeArapHaberAjansI\">Telegram Kanal\u0131m\u0131z\u00a0<\/a>||<a href=\"https:\/\/twitter.com\/arap_ajans\">X Platformumuz\u00a0<\/a>||<a href=\"https:\/\/www.facebook.com\/SANAHaberAjansi\/\">Facebook Sayfam\u0131z<\/a><\/strong><\/p>\n","protected":false},"excerpt":{"rendered":"<p>\u0130\u015eGAL ED\u0130LEN KUD\u00dcS (SANA) \u2013\u00a0\u0130srail i\u015fgal u\u00e7aklar\u0131n\u0131n Gazze \u015eeridi&#8217;nin \u00e7e\u015fitli b\u00f6lgelerini bombalamas\u0131 sonucu bug\u00fcn \u015fafak vakti 16 Filistinli \u015fehit d\u00fc\u015ft\u00fc, onlarca ki\u015fi de yaraland\u0131. Filistinli WAFA Haber Ajans\u0131, i\u015fgal u\u00e7aklar\u0131n\u0131n Gazze \u015eeridi&#8217;nin merkezindeki Zuveyda b\u00f6lgesinde yerinden edilmi\u015f insanlara y\u00f6nelik \u00e7ad\u0131rlar\u0131 bombalad\u0131\u011f\u0131n\u0131, 15 ki\u015finin \u00f6ld\u00fc\u011f\u00fcn\u00fc ve d\u00fczinelerce ki\u015finin yaraland\u0131\u011f\u0131n\u0131 bildirdi. \u0130\u015fgal u\u00e7aklar\u0131n\u0131n \u015eeyh R\u0131dvan mahallesindeki bir &hellip;<\/p>\n","protected":false},"author":36,"featured_media":306843,"comment_status":"closed","ping_status":"closed","sticky":false,"template":"","format":"standard","meta":{"footnotes":""},"categories":[458,459,17988],"tags":[42173],"class_list":["post-306842","post","type-post","status-publish","format-standard","has-post-thumbnail","","category-dunya1","category-haberler-arap-uluslararasi-politika","category-son-haberler","tag-gazze-seridinin-cesitli-bolgelerine-duzenlenen-isgal-bombardimani-sonucu-16-sehit-ve-onlarca-kisi-yaralandi"],"_links":{"self":[{"href":"https:\/\/archive.sana.sy\/tr\/index.php?rest_route=\/wp\/v2\/posts\/306842","targetHints":{"allow":["GET"]}}],"collection":[{"href":"https:\/\/archive.sana.sy\/tr\/index.php?rest_route=\/wp\/v2\/posts"}],"about":[{"href":"https:\/\/archive.sana.sy\/tr\/index.php?rest_route=\/wp\/v2\/types\/post"}],"author":[{"embeddable":true,"href":"https:\/\/archive.sana.sy\/tr\/index.php?rest_route=\/wp\/v2\/users\/36"}],"replies":[{"embeddable":true,"href":"https:\/\/archive.sana.sy\/tr\/index.php?rest_route=%2Fwp%2Fv2%2Fcomments&post=306842"}],"version-history":[{"count":2,"href":"https:\/\/archive.sana.sy\/tr\/index.php?rest_route=\/wp\/v2\/posts\/306842\/revisions"}],"predecessor-version":[{"id":306848,"href":"https:\/\/archive.sana.sy\/tr\/index.php?rest_route=\/wp\/v2\/posts\/306842\/revisions\/306848"}],"wp:featuredmedia":[{"embeddable":true,"href":"https:\/\/archive.sana.sy\/tr\/index.php?rest_route=\/wp\/v2\/media\/306843"}],"wp:attachment":[{"href":"https:\/\/archive.sana.sy\/tr\/index.php?rest_route=%2Fwp%2Fv2%2Fmedia&parent=306842"}],"wp:term":[{"taxonomy":"category","embeddable":true,"href":"https:\/\/archive.sana.sy\/tr\/index.php?rest_route=%2Fwp%2Fv2%2Fcategories&post=306842"},{"taxonomy":"post_tag","embeddable":true,"href":"https:\/\/archive.sana.sy\/tr\/index.php?rest_route=%2Fwp%2Fv2%2Ftags&post=306842"}],"curies":[{"name":"wp","href":"https:\/\/api.w.org\/{rel}","templated":true}]}}