{"id":30685,"date":"2015-04-23T10:06:46","date_gmt":"2015-04-23T07:06:46","guid":{"rendered":"http:\/\/www.sana.sy\/tr\/?p=30685"},"modified":"2015-04-23T10:06:46","modified_gmt":"2015-04-23T07:06:46","slug":"baskalarina-saygi-duymak-diyalog-kurmak-ve-ortak-yasami-kabul-etmek-zorunluluktur","status":"publish","type":"post","link":"https:\/\/archive.sana.sy\/tr\/?p=30685","title":{"rendered":"Ba\u015fkalar\u0131na Sayg\u0131 Duymak, Diyalog Kurmak ve Ortak Ya\u015fam\u0131 Kabul Etmek Zorunluluktur"},"content":{"rendered":"<p>BEYRUT \u2013 Antakya ve T\u00fcm Do\u011fu Rum Ortodoks Patri\u011fi X. Yuhanna Yaz\u0131c\u0131, ba\u015fkalar\u0131n\u0131 kabul etme, onunla diyalog kurma ve ortak ya\u015fam zorunlulu\u011funu belirterek, \u015fu anda b\u00f6lgemizde ve toplumumuzda cereyan edenlerin bizi bir araya getirdi\u011fini, ayn\u0131 hak ve vecibelerle tek bir \u00fclke i\u00e7erisinde ya\u015fatt\u0131rd\u0131\u011f\u0131n\u0131 ifade etti.<\/p>\n<p>Yaz\u0131c\u0131, \u00f6zellikle bu zor \u015fartlarda birbirimizin elini s\u0131kmaya ihtiyac\u0131m\u0131z\u0131n oldu\u011funu s\u00f6yledi.<\/p>\n<p>Emniyet genel M\u00fcd\u00fcr\u00fc T\u00fcmgeneral Abbas \u0130brahim ile Havaalan\u0131nda bulu\u015fmas\u0131yla ilgiliyse Patrik Yaz\u0131c\u0131, ba\u015fta Halep k\u0131rsal\u0131nda ka\u00e7\u0131r\u0131lan piskoposlar Paul Yaz\u0131c\u0131 ve Yuhanna \u0130brahim\u2019in akibetleri olmak \u00fczere L\u00fcbnan ve b\u00f6lgedeki son geli\u015fmeleri ele ald\u0131klar\u0131n\u0131 belirterek, hayatta olmalar\u0131 temennisinde bulundu.<\/p>\n<p>L\u00fcbnan\u2019daki durumlarla ilgiliyse Patrik Yaz\u0131c\u0131, L\u00fcbnan\u2019daki b\u00fct\u00fcn yetkili ve parlamenterleri \u00fclkenin istikrar\u0131 ve vatanda\u015flar\u0131n rahatl\u0131\u011f\u0131 a\u00e7\u0131s\u0131ndan Cumhurba\u015fkan\u0131n\u0131 acilen se\u00e7meye \u00e7a\u011f\u0131rd\u0131.<\/p>\n<p>Yaz\u0131c\u0131, I\u015e\u0130D ter\u00f6r \u00f6rg\u00fct\u00fcn\u00fcn Etiyopyal\u0131 H\u0131ristiyanlar hakk\u0131nda i\u015fledi\u011fi \u00e7irkef katliam\u0131 k\u0131nayarak, \u00f6zellikle M\u00fcsl\u00fcman ve H\u0131ristiyanlar ba\u015fta olmak \u00fczere bu \u00fclkede ya\u015fayan b\u00fct\u00fcn herkese, tek bir aile oldu\u011fumuzu ve hi\u00e7bir \u015feyin bizleri ay\u0131ramayaca\u011f\u0131n\u0131 s\u00f6zlerine ekledi.<\/p>\n<p>S.\u015e. &#8211; R.H.<\/p>\n","protected":false},"excerpt":{"rendered":"<p>BEYRUT \u2013 Antakya ve T\u00fcm Do\u011fu Rum Ortodoks Patri\u011fi X. Yuhanna Yaz\u0131c\u0131, ba\u015fkalar\u0131n\u0131 kabul etme, onunla diyalog kurma ve ortak ya\u015fam zorunlulu\u011funu belirterek, \u015fu anda b\u00f6lgemizde ve toplumumuzda cereyan edenlerin bizi bir araya getirdi\u011fini, ayn\u0131 hak ve vecibelerle tek bir \u00fclke i\u00e7erisinde ya\u015fatt\u0131rd\u0131\u011f\u0131n\u0131 ifade etti. Yaz\u0131c\u0131, \u00f6zellikle bu zor \u015fartlarda birbirimizin elini s\u0131kmaya ihtiyac\u0131m\u0131z\u0131n oldu\u011funu &hellip;<\/p>\n","protected":false},"author":1,"featured_media":17808,"comment_status":"closed","ping_status":"closed","sticky":false,"template":"","format":"standard","meta":{"footnotes":""},"categories":[458,459,447],"tags":[13955,13950,13952,13951,13953,13954],"class_list":["post-30685","post","type-post","status-publish","format-standard","has-post-thumbnail","","category-dunya1","category-haberler-arap-uluslararasi-politika","category-politika","tag-ayni-hak-ve-vecibelerle-tek-bir-ulke-icerisinde-yasattirdigini-ifade-etti","tag-baskalarina-saygi-duymak","tag-baskalarini-kabul-etme","tag-diyalog-kurmak-ve-ortak-yasami-kabul-etmek-zorunluluktur-beyrut-antakya-ve-tum-dogu-rum-ortodoks-patrigi-x-yuhanna-yazici","tag-onunla-diyalog-kurma-ve-ortak-yasam-zorunlulugunu-belirterek","tag-su-anda-bolgemizde-ve-toplumumuzda-cereyan-edenlerin-bizi-bir-araya-getirdigini"],"_links":{"self":[{"href":"https:\/\/archive.sana.sy\/tr\/index.php?rest_route=\/wp\/v2\/posts\/30685","targetHints":{"allow":["GET"]}}],"collection":[{"href":"https:\/\/archive.sana.sy\/tr\/index.php?rest_route=\/wp\/v2\/posts"}],"about":[{"href":"https:\/\/archive.sana.sy\/tr\/index.php?rest_route=\/wp\/v2\/types\/post"}],"author":[{"embeddable":true,"href":"https:\/\/archive.sana.sy\/tr\/index.php?rest_route=\/wp\/v2\/users\/1"}],"replies":[{"embeddable":true,"href":"https:\/\/archive.sana.sy\/tr\/index.php?rest_route=%2Fwp%2Fv2%2Fcomments&post=30685"}],"version-history":[{"count":0,"href":"https:\/\/archive.sana.sy\/tr\/index.php?rest_route=\/wp\/v2\/posts\/30685\/revisions"}],"wp:featuredmedia":[{"embeddable":true,"href":"https:\/\/archive.sana.sy\/tr\/index.php?rest_route=\/wp\/v2\/media\/17808"}],"wp:attachment":[{"href":"https:\/\/archive.sana.sy\/tr\/index.php?rest_route=%2Fwp%2Fv2%2Fmedia&parent=30685"}],"wp:term":[{"taxonomy":"category","embeddable":true,"href":"https:\/\/archive.sana.sy\/tr\/index.php?rest_route=%2Fwp%2Fv2%2Fcategories&post=30685"},{"taxonomy":"post_tag","embeddable":true,"href":"https:\/\/archive.sana.sy\/tr\/index.php?rest_route=%2Fwp%2Fv2%2Ftags&post=30685"}],"curies":[{"name":"wp","href":"https:\/\/api.w.org\/{rel}","templated":true}]}}