{"id":306852,"date":"2024-08-17T15:03:55","date_gmt":"2024-08-17T12:03:55","guid":{"rendered":"https:\/\/sana.sy\/tr\/?p=306852"},"modified":"2024-08-18T13:50:30","modified_gmt":"2024-08-18T10:50:30","slug":"iran-cumhurbaskani-abdnin-ulkemize-yonelik-tehditlerine-karsi-koyabiliriz","status":"publish","type":"post","link":"https:\/\/archive.sana.sy\/tr\/?p=306852","title":{"rendered":"\u0130ran Cumhurba\u015fkan\u0131: ABD&#8217;nin \u00dclkemize Y\u00f6nelik Tehditlerine Kar\u015f\u0131 Koyabiliriz"},"content":{"rendered":"<p style=\"text-align: justify;\"><strong>TAHRAN (SANA)<\/strong> &#8211;\u00a0 \u0130ran Cumhurba\u015fkan\u0131 Mesud Peze\u015fkiyan, \u00fclkesine y\u00f6nelik tehditlerin ba\u015f\u0131nda ABD&#8217;nin geldi\u011fini ve \u0130ran&#8217;\u0131n bunlarla m\u00fccadele edebilece\u011fini de\u011ferlendirdi.<\/p>\n<p style=\"text-align: justify;\">Peze\u015fkiyan, \u0130ran \u0130slami \u015eura Konseyi&#8217;nin bug\u00fcnk\u00fc halka a\u00e7\u0131k oturumunda \u015funlar\u0131 s\u00f6yledi: &#8220;Amerika Birle\u015fik Devletleri&#8217;nin tehditleri ve yapt\u0131r\u0131mlar\u0131yla kar\u015f\u0131 kar\u015f\u0131yay\u0131z ve birlikte bunlarla y\u00fczle\u015febilir ve bunlar\u0131 s\u0131n\u0131rland\u0131rabiliriz.&#8221;<\/p>\n<p style=\"text-align: justify;\">Peze\u015fkiyan ayr\u0131ca, \u0130ran h\u00fck\u00fcmetinin t\u00fcm \u0130ranl\u0131lar\u0131n vatanda\u015fl\u0131k haklar\u0131n\u0131 garanti alt\u0131na almak i\u00e7in \u00e7al\u0131\u015faca\u011f\u0131n\u0131 ve ulusal \u00e7\u0131karlara \u00f6ncelik verece\u011fini kaydederek, uluslararas\u0131 ili\u015fkileri g\u00fc\u00e7lendirmenin, gurur, bilgelik ve \u00e7\u0131kar ilkelerine sayg\u0131 duyman\u0131n, \u00fclkenin ba\u011f\u0131ms\u0131zl\u0131\u011f\u0131n\u0131 ve gururunu reddeden d\u00fc\u015fmanlar\u0131yla y\u00fczle\u015fmenin \u00f6nemini vurgulad\u0131.<\/p>\n<p style=\"text-align: justify;\">Cumhurba\u015fkan\u0131 Peze\u015fkiyen, \u0130ran halk\u0131n\u0131n Amerika Birle\u015fik Devletleri&#8217;nin m\u00fcdahalesinden, uygulad\u0131\u011f\u0131 yapt\u0131r\u0131mlardan ve devam eden tehditlerinden memnun olmad\u0131\u011f\u0131na dikkat \u00e7ekerken de, \u2018\u2019Ancak \u0130ran i\u00e7inde birli\u011fin sa\u011flanmas\u0131 bu tehditlerin etkisini hafifletebilir\u201d dedi.<\/p>\n<p style=\"text-align: center;\"><strong><a href=\"https:\/\/t.me\/SuriyeArapHaberAjansI\">Telegram Kanal\u0131m\u0131z\u00a0<\/a>||<a href=\"https:\/\/twitter.com\/arap_ajans\">X Platformumuz\u00a0<\/a>||<a href=\"https:\/\/www.facebook.com\/SANAHaberAjansi\/\">Facebook Sayfam\u0131z<\/a><\/strong><\/p>\n","protected":false},"excerpt":{"rendered":"<p>TAHRAN (SANA) &#8211;\u00a0 \u0130ran Cumhurba\u015fkan\u0131 Mesud Peze\u015fkiyan, \u00fclkesine y\u00f6nelik tehditlerin ba\u015f\u0131nda ABD&#8217;nin geldi\u011fini ve \u0130ran&#8217;\u0131n bunlarla m\u00fccadele edebilece\u011fini de\u011ferlendirdi. Peze\u015fkiyan, \u0130ran \u0130slami \u015eura Konseyi&#8217;nin bug\u00fcnk\u00fc halka a\u00e7\u0131k oturumunda \u015funlar\u0131 s\u00f6yledi: &#8220;Amerika Birle\u015fik Devletleri&#8217;nin tehditleri ve yapt\u0131r\u0131mlar\u0131yla kar\u015f\u0131 kar\u015f\u0131yay\u0131z ve birlikte bunlarla y\u00fczle\u015febilir ve bunlar\u0131 s\u0131n\u0131rland\u0131rabiliriz.&#8221; Peze\u015fkiyan ayr\u0131ca, \u0130ran h\u00fck\u00fcmetinin t\u00fcm \u0130ranl\u0131lar\u0131n vatanda\u015fl\u0131k haklar\u0131n\u0131 garanti alt\u0131na &hellip;<\/p>\n","protected":false},"author":41,"featured_media":306854,"comment_status":"closed","ping_status":"closed","sticky":false,"template":"","format":"standard","meta":{"footnotes":""},"categories":[458,459,17988],"tags":[42175,42174],"class_list":["post-306852","post","type-post","status-publish","format-standard","has-post-thumbnail","","category-dunya1","category-haberler-arap-uluslararasi-politika","category-son-haberler","tag-iran-cumhurbaskan-mesut-pezeskiyan","tag-iranda-son-gelimeler"],"_links":{"self":[{"href":"https:\/\/archive.sana.sy\/tr\/index.php?rest_route=\/wp\/v2\/posts\/306852","targetHints":{"allow":["GET"]}}],"collection":[{"href":"https:\/\/archive.sana.sy\/tr\/index.php?rest_route=\/wp\/v2\/posts"}],"about":[{"href":"https:\/\/archive.sana.sy\/tr\/index.php?rest_route=\/wp\/v2\/types\/post"}],"author":[{"embeddable":true,"href":"https:\/\/archive.sana.sy\/tr\/index.php?rest_route=\/wp\/v2\/users\/41"}],"replies":[{"embeddable":true,"href":"https:\/\/archive.sana.sy\/tr\/index.php?rest_route=%2Fwp%2Fv2%2Fcomments&post=306852"}],"version-history":[{"count":1,"href":"https:\/\/archive.sana.sy\/tr\/index.php?rest_route=\/wp\/v2\/posts\/306852\/revisions"}],"predecessor-version":[{"id":306853,"href":"https:\/\/archive.sana.sy\/tr\/index.php?rest_route=\/wp\/v2\/posts\/306852\/revisions\/306853"}],"wp:featuredmedia":[{"embeddable":true,"href":"https:\/\/archive.sana.sy\/tr\/index.php?rest_route=\/wp\/v2\/media\/306854"}],"wp:attachment":[{"href":"https:\/\/archive.sana.sy\/tr\/index.php?rest_route=%2Fwp%2Fv2%2Fmedia&parent=306852"}],"wp:term":[{"taxonomy":"category","embeddable":true,"href":"https:\/\/archive.sana.sy\/tr\/index.php?rest_route=%2Fwp%2Fv2%2Fcategories&post=306852"},{"taxonomy":"post_tag","embeddable":true,"href":"https:\/\/archive.sana.sy\/tr\/index.php?rest_route=%2Fwp%2Fv2%2Ftags&post=306852"}],"curies":[{"name":"wp","href":"https:\/\/api.w.org\/{rel}","templated":true}]}}