{"id":306855,"date":"2024-08-17T15:02:20","date_gmt":"2024-08-17T12:02:20","guid":{"rendered":"https:\/\/sana.sy\/tr\/?p=306855"},"modified":"2024-08-18T13:50:17","modified_gmt":"2024-08-18T10:50:17","slug":"israilin-lubnanin-guneyindeki-nebatiyeye-duzenledigi-saldirganlik-sonuc-10-suriyeli-sehit","status":"publish","type":"post","link":"https:\/\/archive.sana.sy\/tr\/?p=306855","title":{"rendered":"\u0130srail&#8217;in L\u00fcbnan&#8217;\u0131n G\u00fcneyindeki Nebatiye&#8217;ye D\u00fczenledi\u011fi Sald\u0131rganl\u0131k Sonuc 10 Suriyeli \u015eehit"},"content":{"rendered":"<p style=\"text-align: justify;\"><strong>BEYRUT (SANA)<\/strong> &#8211; \u0130srail&#8217;in L\u00fcbnan&#8217;\u0131n g\u00fcneyindeki Nebatiye&#8217;ye d\u00fczenledi\u011fi sald\u0131rganl\u0131kta aralar\u0131nda \u00e7ocuklar\u0131n da bulundu\u011fu 10 Suriyeli \u015fehit oldu.<\/p>\n<p style=\"text-align: justify;\">L\u00fcbnan Halk Sa\u011fl\u0131\u011f\u0131 Bakanl\u0131\u011f\u0131, bug\u00fcn yapt\u0131\u011f\u0131 ikinci a\u00e7\u0131klamada, \u015fehit say\u0131s\u0131n\u0131n 10&#8217;a y\u00fckseldi\u011fini, aralar\u0131nda 1 kad\u0131n ve 2 \u00e7ocu\u011funun da bulundu\u011fu Suriye uyruklu olduklar\u0131n\u0131, 3&#8217;\u00fc Suriyeli 5 yaral\u0131n\u0131n bulundu\u011funu bildirdi.<\/p>\n<p style=\"text-align: justify;\">Bakanl\u0131k, daha \u00f6nce yapt\u0131\u011f\u0131 bir a\u00e7\u0131klamada, \u0130srail&#8217;in d\u00fcn gece yar\u0131s\u0131ndan sonra Nebatiye&#8217;nin Vadi el-Kfour b\u00f6lgesindeki bir konut binas\u0131na d\u00fczenledi\u011fi sald\u0131r\u0131da \u00e7o\u011fu Suriyeli 9 \u015fehidin \u00f6ld\u00fc\u011f\u00fcn\u00fc, 5 ki\u015finin de yaraland\u0131\u011f\u0131n\u0131 belirtmi\u015fti.<\/p>\n<p style=\"text-align: center;\"><strong><a href=\"https:\/\/t.me\/SuriyeArapHaberAjansI\">Telegram Kanal\u0131m\u0131z\u00a0<\/a>||<a href=\"https:\/\/twitter.com\/arap_ajans\">X Platformumuz\u00a0<\/a>||<a href=\"https:\/\/www.facebook.com\/SANAHaberAjansi\/\">Facebook Sayfam\u0131z<\/a><\/strong><\/p>\n","protected":false},"excerpt":{"rendered":"<p>BEYRUT (SANA) &#8211; \u0130srail&#8217;in L\u00fcbnan&#8217;\u0131n g\u00fcneyindeki Nebatiye&#8217;ye d\u00fczenledi\u011fi sald\u0131rganl\u0131kta aralar\u0131nda \u00e7ocuklar\u0131n da bulundu\u011fu 10 Suriyeli \u015fehit oldu. L\u00fcbnan Halk Sa\u011fl\u0131\u011f\u0131 Bakanl\u0131\u011f\u0131, bug\u00fcn yapt\u0131\u011f\u0131 ikinci a\u00e7\u0131klamada, \u015fehit say\u0131s\u0131n\u0131n 10&#8217;a y\u00fckseldi\u011fini, aralar\u0131nda 1 kad\u0131n ve 2 \u00e7ocu\u011funun da bulundu\u011fu Suriye uyruklu olduklar\u0131n\u0131, 3&#8217;\u00fc Suriyeli 5 yaral\u0131n\u0131n bulundu\u011funu bildirdi. Bakanl\u0131k, daha \u00f6nce yapt\u0131\u011f\u0131 bir a\u00e7\u0131klamada, \u0130srail&#8217;in d\u00fcn gece &hellip;<\/p>\n","protected":false},"author":41,"featured_media":306856,"comment_status":"closed","ping_status":"closed","sticky":false,"template":"","format":"standard","meta":{"footnotes":""},"categories":[458,459,17988],"tags":[42176],"class_list":["post-306855","post","type-post","status-publish","format-standard","has-post-thumbnail","","category-dunya1","category-haberler-arap-uluslararasi-politika","category-son-haberler","tag-israilin-lubnanin-guneyindeki-nebatiyeye-duzenledigi-saldirganlik-sonuc-10-suriyeli-sehit"],"_links":{"self":[{"href":"https:\/\/archive.sana.sy\/tr\/index.php?rest_route=\/wp\/v2\/posts\/306855","targetHints":{"allow":["GET"]}}],"collection":[{"href":"https:\/\/archive.sana.sy\/tr\/index.php?rest_route=\/wp\/v2\/posts"}],"about":[{"href":"https:\/\/archive.sana.sy\/tr\/index.php?rest_route=\/wp\/v2\/types\/post"}],"author":[{"embeddable":true,"href":"https:\/\/archive.sana.sy\/tr\/index.php?rest_route=\/wp\/v2\/users\/41"}],"replies":[{"embeddable":true,"href":"https:\/\/archive.sana.sy\/tr\/index.php?rest_route=%2Fwp%2Fv2%2Fcomments&post=306855"}],"version-history":[{"count":2,"href":"https:\/\/archive.sana.sy\/tr\/index.php?rest_route=\/wp\/v2\/posts\/306855\/revisions"}],"predecessor-version":[{"id":306880,"href":"https:\/\/archive.sana.sy\/tr\/index.php?rest_route=\/wp\/v2\/posts\/306855\/revisions\/306880"}],"wp:featuredmedia":[{"embeddable":true,"href":"https:\/\/archive.sana.sy\/tr\/index.php?rest_route=\/wp\/v2\/media\/306856"}],"wp:attachment":[{"href":"https:\/\/archive.sana.sy\/tr\/index.php?rest_route=%2Fwp%2Fv2%2Fmedia&parent=306855"}],"wp:term":[{"taxonomy":"category","embeddable":true,"href":"https:\/\/archive.sana.sy\/tr\/index.php?rest_route=%2Fwp%2Fv2%2Fcategories&post=306855"},{"taxonomy":"post_tag","embeddable":true,"href":"https:\/\/archive.sana.sy\/tr\/index.php?rest_route=%2Fwp%2Fv2%2Ftags&post=306855"}],"curies":[{"name":"wp","href":"https:\/\/api.w.org\/{rel}","templated":true}]}}