{"id":306859,"date":"2024-08-17T08:08:24","date_gmt":"2024-08-17T05:08:24","guid":{"rendered":"https:\/\/sana.sy\/tr\/?p=306859"},"modified":"2024-08-18T13:50:02","modified_gmt":"2024-08-18T10:50:02","slug":"israilin-guney-lubnana-duzenledigi-hava-saldirganliginda-bir-sehit-dustu","status":"publish","type":"post","link":"https:\/\/archive.sana.sy\/tr\/?p=306859","title":{"rendered":"\u0130srail&#8217;in G\u00fcney L\u00fcbnan&#8217;a D\u00fczenledi\u011fi Hava Sald\u0131rganl\u0131\u011f\u0131nda Bir \u015eehit D\u00fc\u015ft\u00fc"},"content":{"rendered":"<p style=\"text-align: justify;\"><strong>BEYRUT (SANA)<\/strong> &#8211; \u0130srail&#8217;in L\u00fcbnan&#8217;\u0131n g\u00fcneyindeki Tire il\u00e7esine d\u00fczenledi\u011fi hava sald\u0131rganl\u0131\u011f\u0131nda bir ki\u015fi \u015fehit oldu.<\/p>\n<p style=\"text-align: justify;\">L\u00fcbnan Ulusal Haber Ajans\u0131, Halk Sa\u011fl\u0131\u011f\u0131 Bakanl\u0131\u011f\u0131 Sa\u011fl\u0131k Acil Durum Operasyon Merkezi&#8217;nin yapt\u0131\u011f\u0131 a\u00e7\u0131klamada \u015fu ifadelere yer verdi: \u201cTire il\u00e7esinde d\u00fc\u015fman y\u00fcr\u00fcy\u00fc\u015f\u00fc bask\u0131n\u0131 sonucu motosiklet hedef al\u0131nd\u0131, bir ki\u015fi \u015fehit oldu.\u201d<\/p>\n<p style=\"text-align: justify;\">Ayr\u0131ca, Nabatiya b\u00f6lgesindeki Hanin kasabas\u0131n\u0131n vadisi, d\u00fc\u015fman top\u00e7u bombard\u0131man\u0131na maruz kald\u0131 ve Nakura kasabas\u0131n\u0131n d\u0131\u015f mahalleleri ve Tire b\u00f6lgesindeki Cebel Ellabune, aral\u0131kl\u0131 d\u00fc\u015fman top\u00e7u bombard\u0131man\u0131na maruz kald\u0131.<\/p>\n<p style=\"text-align: justify;\">D\u00fcn gece L\u00fcbnan&#8217;\u0131n g\u00fcneyindeki Nabatiya&#8217;ya d\u00fc\u015fman \u0130srail&#8217;in d\u00fczenledi\u011fi bask\u0131nda aralar\u0131nda \u00e7ocuklar\u0131n da bulundu\u011fu 10 Suriyeli \u015fehit hayat\u0131n\u0131 kaybetmi\u015fti.<\/p>\n<p style=\"text-align: center;\"><strong><a href=\"https:\/\/t.me\/SuriyeArapHaberAjansI\">Telegram Kanal\u0131m\u0131z\u00a0<\/a>||<a href=\"https:\/\/twitter.com\/arap_ajans\">X Platformumuz\u00a0<\/a>||<a href=\"https:\/\/www.facebook.com\/SANAHaberAjansi\/\">Facebook Sayfam\u0131z<\/a><\/strong><\/p>\n","protected":false},"excerpt":{"rendered":"<p>BEYRUT (SANA) &#8211; \u0130srail&#8217;in L\u00fcbnan&#8217;\u0131n g\u00fcneyindeki Tire il\u00e7esine d\u00fczenledi\u011fi hava sald\u0131rganl\u0131\u011f\u0131nda bir ki\u015fi \u015fehit oldu. L\u00fcbnan Ulusal Haber Ajans\u0131, Halk Sa\u011fl\u0131\u011f\u0131 Bakanl\u0131\u011f\u0131 Sa\u011fl\u0131k Acil Durum Operasyon Merkezi&#8217;nin yapt\u0131\u011f\u0131 a\u00e7\u0131klamada \u015fu ifadelere yer verdi: \u201cTire il\u00e7esinde d\u00fc\u015fman y\u00fcr\u00fcy\u00fc\u015f\u00fc bask\u0131n\u0131 sonucu motosiklet hedef al\u0131nd\u0131, bir ki\u015fi \u015fehit oldu.\u201d Ayr\u0131ca, Nabatiya b\u00f6lgesindeki Hanin kasabas\u0131n\u0131n vadisi, d\u00fc\u015fman top\u00e7u bombard\u0131man\u0131na &hellip;<\/p>\n","protected":false},"author":41,"featured_media":306860,"comment_status":"closed","ping_status":"closed","sticky":false,"template":"","format":"standard","meta":{"footnotes":""},"categories":[458,459,17988],"tags":[42177],"class_list":["post-306859","post","type-post","status-publish","format-standard","has-post-thumbnail","","category-dunya1","category-haberler-arap-uluslararasi-politika","category-son-haberler","tag-israilin-guney-lubnana-duzenledigi-hava-saldirganliginda-bir-sehit-dustu"],"_links":{"self":[{"href":"https:\/\/archive.sana.sy\/tr\/index.php?rest_route=\/wp\/v2\/posts\/306859","targetHints":{"allow":["GET"]}}],"collection":[{"href":"https:\/\/archive.sana.sy\/tr\/index.php?rest_route=\/wp\/v2\/posts"}],"about":[{"href":"https:\/\/archive.sana.sy\/tr\/index.php?rest_route=\/wp\/v2\/types\/post"}],"author":[{"embeddable":true,"href":"https:\/\/archive.sana.sy\/tr\/index.php?rest_route=\/wp\/v2\/users\/41"}],"replies":[{"embeddable":true,"href":"https:\/\/archive.sana.sy\/tr\/index.php?rest_route=%2Fwp%2Fv2%2Fcomments&post=306859"}],"version-history":[{"count":1,"href":"https:\/\/archive.sana.sy\/tr\/index.php?rest_route=\/wp\/v2\/posts\/306859\/revisions"}],"predecessor-version":[{"id":306861,"href":"https:\/\/archive.sana.sy\/tr\/index.php?rest_route=\/wp\/v2\/posts\/306859\/revisions\/306861"}],"wp:featuredmedia":[{"embeddable":true,"href":"https:\/\/archive.sana.sy\/tr\/index.php?rest_route=\/wp\/v2\/media\/306860"}],"wp:attachment":[{"href":"https:\/\/archive.sana.sy\/tr\/index.php?rest_route=%2Fwp%2Fv2%2Fmedia&parent=306859"}],"wp:term":[{"taxonomy":"category","embeddable":true,"href":"https:\/\/archive.sana.sy\/tr\/index.php?rest_route=%2Fwp%2Fv2%2Fcategories&post=306859"},{"taxonomy":"post_tag","embeddable":true,"href":"https:\/\/archive.sana.sy\/tr\/index.php?rest_route=%2Fwp%2Fv2%2Ftags&post=306859"}],"curies":[{"name":"wp","href":"https:\/\/api.w.org\/{rel}","templated":true}]}}