{"id":306865,"date":"2024-08-17T15:45:52","date_gmt":"2024-08-17T12:45:52","guid":{"rendered":"https:\/\/sana.sy\/tr\/?p=306865"},"modified":"2024-08-18T13:51:46","modified_gmt":"2024-08-18T10:51:46","slug":"isgalin-son-48-saatte-gerceklestirdigi-katliamlarda-69-sehit","status":"publish","type":"post","link":"https:\/\/archive.sana.sy\/tr\/?p=306865","title":{"rendered":"\u0130\u015fgalin Son 48 Saatte Ger\u00e7ekle\u015ftirdi\u011fi Katliamlarda 69 \u015eehit"},"content":{"rendered":"<p style=\"text-align: justify;\"><strong>\u0130\u015eGAL ED\u0130LEN LUD\u00dcS (SANA)<\/strong> &#8211; Filistin Sa\u011fl\u0131k Bakanl\u0131\u011f\u0131, i\u015fgalci \u0130srail&#8217;in Gazze \u015eeridi&#8217;nde son 48 saat i\u00e7inde be\u015f katliam ger\u00e7ekle\u015ftirdi\u011fini, 69 \u015fehit ve 136 yaral\u0131n\u0131n hastanelere ula\u015ft\u0131\u011f\u0131n\u0131 duyurdu.<\/p>\n<p style=\"text-align: justify;\">Bakanl\u0131k bug\u00fcn yapt\u0131\u011f\u0131 a\u00e7\u0131klamada \u015funlar\u0131 s\u00f6yledi: \u2018\u2019Gazze \u015eeridi&#8217;nde 316&#8217;nc\u0131 g\u00fcn\u00fcnde devam eden i\u015fgal sald\u0131r\u0131s\u0131n\u0131n kurbanlar\u0131n\u0131n say\u0131s\u0131 40 bin 74 \u015fehit ve 92 bin 537 yaral\u0131ya y\u00fckseldi. \u00c7ok say\u0131da ma\u011fdur halen enkaz alt\u0131nda ve yollardayken, ambulans ve sivil savunma ekipleri onlara ula\u015fam\u0131yor.!!<\/p>\n<p style=\"text-align: justify;\">Gazze \u015eeridi&#8217;nin merkezindeki Nuseyrat m\u00fclteci kamp\u0131n\u0131n bat\u0131s\u0131nda bir evin i\u015fgalci bombard\u0131man\u0131 sonucu 2&#8217;si \u00e7ocuk 6 Filistinli \u015fehit oldu.<\/p>\n<p style=\"text-align: justify;\">Gazze \u015eeridi&#8217;nin g\u00fcneyindeki Han Yunus \u015fehrinin do\u011fusundaki El Zana b\u00f6lgesinde i\u015fgal \u0130HA\u2019lar\u0131n\u0131n bombalanmas\u0131 sonucu iki Filistinli de \u015fehit oldu.\u00a0 Han Yunis&#8217;te ise 6 ya\u015f\u0131ndaki \u00e7ocuk bar\u0131nak \u00e7ad\u0131r\u0131nda uyurken quadcopterden at\u0131lan kur\u015funun kafas\u0131na isabet etmesi sonucu \u015fehit d\u00fc\u015ft\u00fc.<\/p>\n<p style=\"text-align: center;\"><strong><a href=\"https:\/\/t.me\/SuriyeArapHaberAjansI\">Telegram Kanal\u0131m\u0131z\u00a0<\/a>||<a href=\"https:\/\/twitter.com\/arap_ajans\">X Platformumuz\u00a0<\/a>||<a href=\"https:\/\/www.facebook.com\/SANAHaberAjansi\/\">Facebook Sayfam\u0131z<\/a><\/strong><\/p>\n","protected":false},"excerpt":{"rendered":"<p>\u0130\u015eGAL ED\u0130LEN LUD\u00dcS (SANA) &#8211; Filistin Sa\u011fl\u0131k Bakanl\u0131\u011f\u0131, i\u015fgalci \u0130srail&#8217;in Gazze \u015eeridi&#8217;nde son 48 saat i\u00e7inde be\u015f katliam ger\u00e7ekle\u015ftirdi\u011fini, 69 \u015fehit ve 136 yaral\u0131n\u0131n hastanelere ula\u015ft\u0131\u011f\u0131n\u0131 duyurdu. Bakanl\u0131k bug\u00fcn yapt\u0131\u011f\u0131 a\u00e7\u0131klamada \u015funlar\u0131 s\u00f6yledi: \u2018\u2019Gazze \u015eeridi&#8217;nde 316&#8217;nc\u0131 g\u00fcn\u00fcnde devam eden i\u015fgal sald\u0131r\u0131s\u0131n\u0131n kurbanlar\u0131n\u0131n say\u0131s\u0131 40 bin 74 \u015fehit ve 92 bin 537 yaral\u0131ya y\u00fckseldi. \u00c7ok say\u0131da &hellip;<\/p>\n","protected":false},"author":41,"featured_media":306866,"comment_status":"closed","ping_status":"closed","sticky":false,"template":"","format":"standard","meta":{"footnotes":""},"categories":[458,459,17988],"tags":[40319,42181],"class_list":["post-306865","post","type-post","status-publish","format-standard","has-post-thumbnail","","category-dunya1","category-haberler-arap-uluslararasi-politika","category-son-haberler","tag-gazzede-son-gelimeler","tag-isgalin-son-48-saatte-gerceklestirdigi-katliamlarda-69-sehit"],"_links":{"self":[{"href":"https:\/\/archive.sana.sy\/tr\/index.php?rest_route=\/wp\/v2\/posts\/306865","targetHints":{"allow":["GET"]}}],"collection":[{"href":"https:\/\/archive.sana.sy\/tr\/index.php?rest_route=\/wp\/v2\/posts"}],"about":[{"href":"https:\/\/archive.sana.sy\/tr\/index.php?rest_route=\/wp\/v2\/types\/post"}],"author":[{"embeddable":true,"href":"https:\/\/archive.sana.sy\/tr\/index.php?rest_route=\/wp\/v2\/users\/41"}],"replies":[{"embeddable":true,"href":"https:\/\/archive.sana.sy\/tr\/index.php?rest_route=%2Fwp%2Fv2%2Fcomments&post=306865"}],"version-history":[{"count":1,"href":"https:\/\/archive.sana.sy\/tr\/index.php?rest_route=\/wp\/v2\/posts\/306865\/revisions"}],"predecessor-version":[{"id":306867,"href":"https:\/\/archive.sana.sy\/tr\/index.php?rest_route=\/wp\/v2\/posts\/306865\/revisions\/306867"}],"wp:featuredmedia":[{"embeddable":true,"href":"https:\/\/archive.sana.sy\/tr\/index.php?rest_route=\/wp\/v2\/media\/306866"}],"wp:attachment":[{"href":"https:\/\/archive.sana.sy\/tr\/index.php?rest_route=%2Fwp%2Fv2%2Fmedia&parent=306865"}],"wp:term":[{"taxonomy":"category","embeddable":true,"href":"https:\/\/archive.sana.sy\/tr\/index.php?rest_route=%2Fwp%2Fv2%2Fcategories&post=306865"},{"taxonomy":"post_tag","embeddable":true,"href":"https:\/\/archive.sana.sy\/tr\/index.php?rest_route=%2Fwp%2Fv2%2Ftags&post=306865"}],"curies":[{"name":"wp","href":"https:\/\/api.w.org\/{rel}","templated":true}]}}