{"id":306871,"date":"2024-08-17T17:54:17","date_gmt":"2024-08-17T14:54:17","guid":{"rendered":"https:\/\/sana.sy\/tr\/?p=306871"},"modified":"2024-08-21T08:11:49","modified_gmt":"2024-08-21T05:11:49","slug":"suriye-lubnanin-guneyinde-suriyeli-bir-aileye-yonelik-yeni-siyonist-katliami-siddetle-kinadi","status":"publish","type":"post","link":"https:\/\/archive.sana.sy\/tr\/?p=306871","title":{"rendered":"Suriye, L\u00fcbnan&#8217;\u0131n G\u00fcneyinde Suriyeli Bir Aileye Y\u00f6nelik Yeni Siyonist Katliam\u0131 \u015eiddetle K\u0131nad\u0131"},"content":{"rendered":"<p style=\"text-align: justify;\"><strong>\u015eAM (SANA)<\/strong> &#8211; Suriye, i\u015fgal u\u00e7aklar\u0131n\u0131n L\u00fcbnan&#8217;\u0131n g\u00fcneyinde ya\u015fad\u0131klar\u0131 binay\u0131 kasten bombalamas\u0131 sonucu en az 10 Suriyeli ve L\u00fcbnanl\u0131n\u0131n \u015fehit olmas\u0131n\u0131n yan\u0131 s\u0131ra yaral\u0131lar\u0131n da bulundu\u011fu Suriyeli bir aileye y\u00f6nelik yeni Siyonist katliam\u0131 \u015fiddetle k\u0131nayarak, bu su\u00e7un uluslararas\u0131 yasalar\u0131n \u00e7irkin bir ihlali, L\u00fcbnan&#8217;\u0131n egemenli\u011fine ve b\u00f6lgesel b\u00fct\u00fcnl\u00fc\u011f\u00fcne kar\u015f\u0131 a\u00e7\u0131klanan bir su\u00e7 ve b\u00f6lgedeki bar\u0131\u015f ve g\u00fcvenlik tehdidi oldu\u011funu vurgulad\u0131.<\/p>\n<p style=\"text-align: justify;\">D\u0131\u015fi\u015fleri ve Gurbet\u00e7iler Bakanl\u0131\u011f\u0131&#8217;n\u0131n bir n\u00fcshas\u0131 SANA&#8217;ya ula\u015fan a\u00e7\u0131klamas\u0131: \u2018\u2019\u0130srail&#8217;in Gazze \u015eeridi&#8217;ne ve i\u015fgal alt\u0131ndaki Filistin topraklar\u0131n\u0131n geri kalan\u0131na y\u00f6nelik vah\u015fi sald\u0131rganl\u0131\u011f\u0131n\u0131n ba\u015flang\u0131c\u0131ndan bu yana g\u00fcney L\u00fcbnan&#8217;da ba\u015flatt\u0131\u011f\u0131 soyk\u0131r\u0131m, y\u0131k\u0131m ve yang\u0131nlar\u0131n devam\u0131 olarak, \u0131rk\u00e7\u0131 Siyonist olu\u015fum, Suriyeli bir aileye kar\u015f\u0131, u\u00e7aklar\u0131n\u0131n bu ailenin ya\u015fad\u0131\u011f\u0131 binay\u0131 kasten bombalamas\u0131 sonucu su\u00e7 i\u015fledi. Bu da en az on Suriyeli ve L\u00fcbnanl\u0131n\u0131n yan\u0131 s\u0131ra di\u011fer yaral\u0131lar\u0131n da \u015fehit olmas\u0131na yol a\u00e7t\u0131.\u2019\u2019<\/p>\n<p style=\"text-align: justify;\">Bakanl\u0131k a\u00e7\u0131klamas\u0131nda ayr\u0131ca, \u2018\u2019Siyonist sald\u0131rganl\u0131\u011f\u0131n durdurulmas\u0131, Filistin&#8217;de ve d\u0131\u015f\u0131nda ger\u00e7ekle\u015ftirilen katliamlar\u0131n durdurulmas\u0131 ve faillerinin cezaland\u0131r\u0131lmas\u0131 talebiyle d\u00fcnyan\u0131n bir\u00e7ok \u00fclkesinde ve \u015fehrinde \u00f6zg\u00fcr g\u00fc\u00e7lerin sesleri y\u00fckseliyor. Ancak \u0131rk\u00e7\u0131 Siyonist yap\u0131n\u0131n liderleri, kan d\u00f6kmeyi ve d\u00fcnya halklar\u0131na meydan okumalar\u0131n\u0131 art\u0131rd\u0131\u2019\u2019 dedi.<\/p>\n<p style=\"text-align: justify;\">\u2018\u2019Bu Siyonistlerin ter\u00f6rizminin s\u0131n\u0131r\u0131n\u0131n olmad\u0131\u011f\u0131, su\u00e7 uygulamalar\u0131n\u0131n Siyonist varl\u0131\u011f\u0131n ger\u00e7ek mahiyetini ve kurulu\u015fundan bu yana i\u015fledi\u011fi su\u00e7lar\u0131 ortaya \u00e7\u0131kard\u0131\u011f\u0131 ortaya \u00e7\u0131km\u0131\u015ft\u0131r\u2019\u2019 de\u011ferlendirmesinde bulunan bakanl\u0131k, a\u00e7\u0131klamas\u0131na \u015fu ifadeleri ekledi: \u2018\u2019 Suriye Arap Cumhuriyeti, Gazze \u015eeridi&#8217;ndeki Siyonist katliamlar\u0131n\u0131 k\u0131nad\u0131\u011f\u0131 gibi, bu yeni Siyonist katliam\u0131 da \u015fiddetle k\u0131n\u0131yor ve Siyonist varl\u0131\u011f\u0131n bu sabah i\u015fledi\u011fi bu su\u00e7un, uluslararas\u0131 s\u00f6zle\u015fmelerin ve yasalar\u0131n a\u00e7\u0131k bir ihlali, L\u00fcbnan&#8217;\u0131n egemenli\u011fine ve toprak b\u00fct\u00fcnl\u00fc\u011f\u00fcne kar\u015f\u0131 tan\u0131mlanm\u0131\u015f bir su\u00e7 ve b\u00f6lgedeki bar\u0131\u015f ve g\u00fcvenli\u011fe y\u00f6nelik bir tehdit oldu\u011funu vurguluyor.\u2019\u2019<\/p>\n<p style=\"text-align: justify;\">D\u0131\u015fi\u015fleri Bakanl\u0131\u011f\u0131 a\u00e7\u0131klamas\u0131n\u0131 \u015fu ifadelerle tamamlad\u0131: \u2018\u2019Suriye, L\u00fcbnan&#8217;la s\u0131k\u0131 dayan\u0131\u015fmas\u0131n\u0131, ma\u011fdur ailelerine duydu\u011fu sempatiyi ve maruz kald\u0131\u011f\u0131 sald\u0131rganl\u0131klarakar\u015f\u0131 karde\u015f L\u00fcbnan halk\u0131n\u0131n yan\u0131nda oldu\u011funu bir kez daha yineliyor.\u2019\u2019<\/p>\n<p style=\"text-align: center;\"><strong><a href=\"https:\/\/t.me\/SuriyeArapHaberAjansI\">Telegram Kanal\u0131m\u0131z\u00a0<\/a>||<a href=\"https:\/\/twitter.com\/arap_ajans\">X Platformumuz\u00a0<\/a>||<a href=\"https:\/\/www.facebook.com\/SANAHaberAjansi\/\">Facebook Sayfam\u0131z<\/a><\/strong><\/p>\n","protected":false},"excerpt":{"rendered":"<p>\u015eAM (SANA) &#8211; Suriye, i\u015fgal u\u00e7aklar\u0131n\u0131n L\u00fcbnan&#8217;\u0131n g\u00fcneyinde ya\u015fad\u0131klar\u0131 binay\u0131 kasten bombalamas\u0131 sonucu en az 10 Suriyeli ve L\u00fcbnanl\u0131n\u0131n \u015fehit olmas\u0131n\u0131n yan\u0131 s\u0131ra yaral\u0131lar\u0131n da bulundu\u011fu Suriyeli bir aileye y\u00f6nelik yeni Siyonist katliam\u0131 \u015fiddetle k\u0131nayarak, bu su\u00e7un uluslararas\u0131 yasalar\u0131n \u00e7irkin bir ihlali, L\u00fcbnan&#8217;\u0131n egemenli\u011fine ve b\u00f6lgesel b\u00fct\u00fcnl\u00fc\u011f\u00fcne kar\u015f\u0131 a\u00e7\u0131klanan bir su\u00e7 ve b\u00f6lgedeki bar\u0131\u015f ve &hellip;<\/p>\n","protected":false},"author":41,"featured_media":306872,"comment_status":"closed","ping_status":"closed","sticky":false,"template":"","format":"standard","meta":{"footnotes":""},"categories":[479,17988,478],"tags":[42138,42124,42185,16591],"class_list":["post-306871","post","type-post","status-publish","format-standard","has-post-thumbnail","","category-haberler-yerel","category-son-haberler","category-yerel","tag-lubnan-guneyinde-ne-oluyor","tag-lubnanda-son-durum","tag-lubnanin-guneyinde-suriyeli-bir-aileye-yonelik-yeni-siyonist-katliami-siddetle-kinadi","tag-suriye"],"_links":{"self":[{"href":"https:\/\/archive.sana.sy\/tr\/index.php?rest_route=\/wp\/v2\/posts\/306871","targetHints":{"allow":["GET"]}}],"collection":[{"href":"https:\/\/archive.sana.sy\/tr\/index.php?rest_route=\/wp\/v2\/posts"}],"about":[{"href":"https:\/\/archive.sana.sy\/tr\/index.php?rest_route=\/wp\/v2\/types\/post"}],"author":[{"embeddable":true,"href":"https:\/\/archive.sana.sy\/tr\/index.php?rest_route=\/wp\/v2\/users\/41"}],"replies":[{"embeddable":true,"href":"https:\/\/archive.sana.sy\/tr\/index.php?rest_route=%2Fwp%2Fv2%2Fcomments&post=306871"}],"version-history":[{"count":1,"href":"https:\/\/archive.sana.sy\/tr\/index.php?rest_route=\/wp\/v2\/posts\/306871\/revisions"}],"predecessor-version":[{"id":306873,"href":"https:\/\/archive.sana.sy\/tr\/index.php?rest_route=\/wp\/v2\/posts\/306871\/revisions\/306873"}],"wp:featuredmedia":[{"embeddable":true,"href":"https:\/\/archive.sana.sy\/tr\/index.php?rest_route=\/wp\/v2\/media\/306872"}],"wp:attachment":[{"href":"https:\/\/archive.sana.sy\/tr\/index.php?rest_route=%2Fwp%2Fv2%2Fmedia&parent=306871"}],"wp:term":[{"taxonomy":"category","embeddable":true,"href":"https:\/\/archive.sana.sy\/tr\/index.php?rest_route=%2Fwp%2Fv2%2Fcategories&post=306871"},{"taxonomy":"post_tag","embeddable":true,"href":"https:\/\/archive.sana.sy\/tr\/index.php?rest_route=%2Fwp%2Fv2%2Ftags&post=306871"}],"curies":[{"name":"wp","href":"https:\/\/api.w.org\/{rel}","templated":true}]}}