{"id":306876,"date":"2024-08-17T18:59:48","date_gmt":"2024-08-17T15:59:48","guid":{"rendered":"https:\/\/sana.sy\/tr\/?p=306876"},"modified":"2024-08-21T08:11:51","modified_gmt":"2024-08-21T05:11:51","slug":"tarim-bakani-arap-aricilar-birligi-heyetiyle-aricilik-alaninda-isbirliginin-gelistirilmesini-gorustu","status":"publish","type":"post","link":"https:\/\/archive.sana.sy\/tr\/?p=306876","title":{"rendered":"Tar\u0131m Bakan\u0131, Arap Ar\u0131c\u0131lar Birli\u011fi Heyetiyle Ar\u0131c\u0131l\u0131k Alan\u0131nda \u0130\u015fbirli\u011finin Geli\u015ftirilmesini G\u00f6r\u00fc\u015ft\u00fc"},"content":{"rendered":"<p style=\"text-align: justify;\"><strong>\u015eAM (SANA)<\/strong> &#8211;\u00a0 Tar\u0131m ve Tar\u0131m Reformu Bakan\u0131 Muhammed Hassan Katana, \u00dcrd\u00fcn Ar\u0131c\u0131lar \u00d6zel Birli\u011fi Ba\u015fkan\u0131 <img loading=\"lazy\" decoding=\"async\" class=\"size-full wp-image-306878 alignright\" src=\"http:\/\/sana.sy\/tr\/wp-content\/uploads\/2024\/08\/DSC_2112-300x200-1.jpg\" alt=\"\" width=\"300\" height=\"200\" \/>Muaz Sobhi Kaz\u0131m ba\u015fkanl\u0131\u011f\u0131ndaki Arap Ar\u0131c\u0131lar Birli\u011fi&#8217;nden bir heyetle, Arap \u00fclkelerinde ar\u0131c\u0131l\u0131\u011f\u0131 geli\u015ftirmek i\u00e7in iki taraf aras\u0131ndaki i\u015f birli\u011fini geli\u015ftirmenin yollar\u0131n\u0131 masaya yat\u0131rd\u0131.<\/p>\n<p style=\"text-align: justify;\">G\u00f6r\u00fc\u015fmede Bakan Katana, ar\u0131c\u0131l\u0131k mesle\u011fini geli\u015ftirmeye devam etmenin, onu korumak ve Arap \u00fclkelerinde ar\u0131lar\u0131n maruz kald\u0131\u011f\u0131 hastal\u0131klar\u0131 ortadan kald\u0131rmak i\u00e7in gerekli her \u015feyi sa\u011flaman\u0131n \u00f6nemini vurgulayarak, Arap \u00fclkelerindeki meralar\u0131n iyile\u015ftirilmesi ve farkl\u0131 ortamlara uygun t\u00fcrlerin geli\u015ftirilmesinden ba\u015flayarak, ar\u0131c\u0131l\u0131k alanlar\u0131nda entegrasyonun sa\u011flanmas\u0131 i\u00e7in herkes aras\u0131nda i\u015fbirli\u011finin ve kal\u0131c\u0131 koordinasyonun art\u0131r\u0131lmas\u0131 \u00e7a\u011fr\u0131s\u0131nda bulundu.<\/p>\n<p style=\"text-align: justify;\">\u00dcrd\u00fcn Ar\u0131c\u0131lar\u0131 \u00d6zel Birli\u011fi ba\u015fkan\u0131 ise, Arap ar\u0131c\u0131lar\u0131n i\u015fbirli\u011fini geli\u015ftirme ve Arap \u00fclkelerinde ar\u0131c\u0131l\u0131\u011f\u0131 geli\u015ftirmek i\u00e7in Suriye Tar\u0131m Bakanl\u0131\u011f\u0131&#8217;n\u0131n sahip oldu\u011fu ileri uzmanl\u0131ktan yararlanma arzusunu dile getirdi.<\/p>\n<p style=\"text-align: center;\"><strong><a href=\"https:\/\/t.me\/SuriyeArapHaberAjansI\">Telegram Kanal\u0131m\u0131z\u00a0<\/a>||<a href=\"https:\/\/twitter.com\/arap_ajans\">X Platformumuz\u00a0<\/a>||<a href=\"https:\/\/www.facebook.com\/SANAHaberAjansi\/\">Facebook Sayfam\u0131z<\/a><\/strong><\/p>\n","protected":false},"excerpt":{"rendered":"<p>\u015eAM (SANA) &#8211;\u00a0 Tar\u0131m ve Tar\u0131m Reformu Bakan\u0131 Muhammed Hassan Katana, \u00dcrd\u00fcn Ar\u0131c\u0131lar \u00d6zel Birli\u011fi Ba\u015fkan\u0131 Muaz Sobhi Kaz\u0131m ba\u015fkanl\u0131\u011f\u0131ndaki Arap Ar\u0131c\u0131lar Birli\u011fi&#8217;nden bir heyetle, Arap \u00fclkelerinde ar\u0131c\u0131l\u0131\u011f\u0131 geli\u015ftirmek i\u00e7in iki taraf aras\u0131ndaki i\u015f birli\u011fini geli\u015ftirmenin yollar\u0131n\u0131 masaya yat\u0131rd\u0131. G\u00f6r\u00fc\u015fmede Bakan Katana, ar\u0131c\u0131l\u0131k mesle\u011fini geli\u015ftirmeye devam etmenin, onu korumak ve Arap \u00fclkelerinde ar\u0131lar\u0131n maruz kald\u0131\u011f\u0131 &hellip;<\/p>\n","protected":false},"author":41,"featured_media":306877,"comment_status":"closed","ping_status":"closed","sticky":false,"template":"","format":"standard","meta":{"footnotes":""},"categories":[485,486,17988],"tags":[42186,24182,22468],"class_list":["post-306876","post","type-post","status-publish","format-standard","has-post-thumbnail","","category-is-ve-sermaye","category-haberler-is-ve-sermaye","category-son-haberler","tag-arap-aricilar-birligi-heyetiyle-aricilik-alaninda-isbirliginin-gelistirilmesini-gorustu","tag-suriyede-ekonomi","tag-tarim-bakani"],"_links":{"self":[{"href":"https:\/\/archive.sana.sy\/tr\/index.php?rest_route=\/wp\/v2\/posts\/306876","targetHints":{"allow":["GET"]}}],"collection":[{"href":"https:\/\/archive.sana.sy\/tr\/index.php?rest_route=\/wp\/v2\/posts"}],"about":[{"href":"https:\/\/archive.sana.sy\/tr\/index.php?rest_route=\/wp\/v2\/types\/post"}],"author":[{"embeddable":true,"href":"https:\/\/archive.sana.sy\/tr\/index.php?rest_route=\/wp\/v2\/users\/41"}],"replies":[{"embeddable":true,"href":"https:\/\/archive.sana.sy\/tr\/index.php?rest_route=%2Fwp%2Fv2%2Fcomments&post=306876"}],"version-history":[{"count":1,"href":"https:\/\/archive.sana.sy\/tr\/index.php?rest_route=\/wp\/v2\/posts\/306876\/revisions"}],"predecessor-version":[{"id":306879,"href":"https:\/\/archive.sana.sy\/tr\/index.php?rest_route=\/wp\/v2\/posts\/306876\/revisions\/306879"}],"wp:featuredmedia":[{"embeddable":true,"href":"https:\/\/archive.sana.sy\/tr\/index.php?rest_route=\/wp\/v2\/media\/306877"}],"wp:attachment":[{"href":"https:\/\/archive.sana.sy\/tr\/index.php?rest_route=%2Fwp%2Fv2%2Fmedia&parent=306876"}],"wp:term":[{"taxonomy":"category","embeddable":true,"href":"https:\/\/archive.sana.sy\/tr\/index.php?rest_route=%2Fwp%2Fv2%2Fcategories&post=306876"},{"taxonomy":"post_tag","embeddable":true,"href":"https:\/\/archive.sana.sy\/tr\/index.php?rest_route=%2Fwp%2Fv2%2Ftags&post=306876"}],"curies":[{"name":"wp","href":"https:\/\/api.w.org\/{rel}","templated":true}]}}