{"id":30688,"date":"2015-04-23T10:22:25","date_gmt":"2015-04-23T07:22:25","guid":{"rendered":"http:\/\/www.sana.sy\/tr\/?p=30688"},"modified":"2015-04-23T12:54:45","modified_gmt":"2015-04-23T09:54:45","slug":"biruni-onkoloji-hastanesi-ve-haresta-banliyosu-teroristlerce-fuzelerle-hedef-alindi","status":"publish","type":"post","link":"https:\/\/archive.sana.sy\/tr\/?p=30688","title":{"rendered":"Biruni Onkoloji Hastanesi ve Haresta Banliy\u00f6s\u00fc Ter\u00f6ristlerce F\u00fczelerle Hedef Al\u0131nd\u0131"},"content":{"rendered":"<p>\u015eAM KIRSALI &#8211;\u00a0Eli kanl\u0131 ter\u00f6r \u00f6rg\u00fctleri d\u00fcn Biruni Onkoloji Hastanesi ve Haresta Banliy\u00f6s\u00fcn\u00fc havan f\u00fczeleriyle hedef almas\u0131 sonucunda maddi hasarlar meydana geldi.<\/p>\n<p>\u0130l emniyet m\u00fcd\u00fcrl\u00fc\u011f\u00fc kayna\u011f\u0131 SANA muhabirine a\u00e7\u0131klamas\u0131nda, ter\u00f6ristlerin Biruni Hastanesini 3 f\u00fczeyle hedef ald\u0131klar\u0131n\u0131, birinin Hastane \u00fczerine di\u011fer ikisinin ise \u00e7evresine d\u00fc\u015ft\u00fc\u011f\u00fcn\u00fc, bunun sonucunda binada maddi hasarlara yol a\u00e7t\u0131\u011f\u0131n\u0131 s\u00f6yledi.<\/p>\n<p>Kaynak, Haresta Banliy\u00f6s\u00fc Bulvar\u0131na 5 f\u00fcze, C4 Adas\u0131na da bir f\u00fczenin d\u00fc\u015ft\u00fc\u011f\u00fcn\u00fc bunun sonucunda vatanda\u015flar\u0131n m\u00fclklerinde maddi hasarlara yol a\u00e7t\u0131\u011f\u0131n\u0131 be\u015feri hi\u00e7 bir yaralanman\u0131n ise olmad\u0131\u011f\u0131n\u0131 ifade etti.<\/p>\n<p>S.\u015e. &#8211; R.H.<\/p>\n","protected":false},"excerpt":{"rendered":"<p>\u015eAM KIRSALI &#8211;\u00a0Eli kanl\u0131 ter\u00f6r \u00f6rg\u00fctleri d\u00fcn Biruni Onkoloji Hastanesi ve Haresta Banliy\u00f6s\u00fcn\u00fc havan f\u00fczeleriyle hedef almas\u0131 sonucunda maddi hasarlar meydana geldi. \u0130l emniyet m\u00fcd\u00fcrl\u00fc\u011f\u00fc kayna\u011f\u0131 SANA muhabirine a\u00e7\u0131klamas\u0131nda, ter\u00f6ristlerin Biruni Hastanesini 3 f\u00fczeyle hedef ald\u0131klar\u0131n\u0131, birinin Hastane \u00fczerine di\u011fer ikisinin ise \u00e7evresine d\u00fc\u015ft\u00fc\u011f\u00fcn\u00fc, bunun sonucunda binada maddi hasarlara yol a\u00e7t\u0131\u011f\u0131n\u0131 s\u00f6yledi. Kaynak, Haresta Banliy\u00f6s\u00fc &hellip;<\/p>\n","protected":false},"author":1,"featured_media":30689,"comment_status":"closed","ping_status":"closed","sticky":false,"template":"","format":"standard","meta":{"footnotes":""},"categories":[575],"tags":[13956],"class_list":["post-30688","post","type-post","status-publish","format-standard","has-post-thumbnail","","category-olaylar-ve-gercekler","tag-biruni-onkoloji-hastanesi-ve-haresta-banliyosu-teroristlerce-fuzelerle-hedef-alindi-sam-kirsali-biruni-hastanesi-ve-haresta-banliyosune-havan-fuzeli-saldirilarda-maddi-zararlar-eli-kanli-teror-orgut"],"_links":{"self":[{"href":"https:\/\/archive.sana.sy\/tr\/index.php?rest_route=\/wp\/v2\/posts\/30688","targetHints":{"allow":["GET"]}}],"collection":[{"href":"https:\/\/archive.sana.sy\/tr\/index.php?rest_route=\/wp\/v2\/posts"}],"about":[{"href":"https:\/\/archive.sana.sy\/tr\/index.php?rest_route=\/wp\/v2\/types\/post"}],"author":[{"embeddable":true,"href":"https:\/\/archive.sana.sy\/tr\/index.php?rest_route=\/wp\/v2\/users\/1"}],"replies":[{"embeddable":true,"href":"https:\/\/archive.sana.sy\/tr\/index.php?rest_route=%2Fwp%2Fv2%2Fcomments&post=30688"}],"version-history":[{"count":0,"href":"https:\/\/archive.sana.sy\/tr\/index.php?rest_route=\/wp\/v2\/posts\/30688\/revisions"}],"wp:featuredmedia":[{"embeddable":true,"href":"https:\/\/archive.sana.sy\/tr\/index.php?rest_route=\/wp\/v2\/media\/30689"}],"wp:attachment":[{"href":"https:\/\/archive.sana.sy\/tr\/index.php?rest_route=%2Fwp%2Fv2%2Fmedia&parent=30688"}],"wp:term":[{"taxonomy":"category","embeddable":true,"href":"https:\/\/archive.sana.sy\/tr\/index.php?rest_route=%2Fwp%2Fv2%2Fcategories&post=30688"},{"taxonomy":"post_tag","embeddable":true,"href":"https:\/\/archive.sana.sy\/tr\/index.php?rest_route=%2Fwp%2Fv2%2Ftags&post=30688"}],"curies":[{"name":"wp","href":"https:\/\/api.w.org\/{rel}","templated":true}]}}