{"id":306903,"date":"2024-08-17T23:31:37","date_gmt":"2024-08-17T20:31:37","guid":{"rendered":"https:\/\/sana.sy\/tr\/?p=306903"},"modified":"2024-08-21T08:11:53","modified_gmt":"2024-08-21T05:11:53","slug":"mikdad-israilin-filistin-halkina-karsi-isledigi-soykirim-suclarina-damgasini-vuran-dunya-degerlerde-ses-getiren-bir-dususe-tanik-oluyor","status":"publish","type":"post","link":"https:\/\/archive.sana.sy\/tr\/?p=306903","title":{"rendered":"Mikdad: \u0130srail&#8217;in Filistin Halk\u0131na Kar\u015f\u0131 \u0130\u015fledi\u011fi Soyk\u0131r\u0131m Su\u00e7lar\u0131na Damgas\u0131n\u0131 Vuran D\u00fcnya, De\u011ferlerde Ses Getiren Bir D\u00fc\u015f\u00fc\u015fe Tan\u0131k Oluyor"},"content":{"rendered":"<p style=\"text-align: justify;\"><strong>\u015eAM (SANA)<\/strong> \u2013 D\u0131\u015fi\u015fleri ve Gurbe\u00e7iler Bakan\u0131 Faysal Mikdad, bug\u00fcn d\u00fcnyan\u0131n, \u0130srail i\u015fgal varl\u0131\u011f\u0131n\u0131n Amerikan ve Bat\u0131 deste\u011fiyle savunmas\u0131z Filistin halk\u0131na kar\u015f\u0131 i\u015fledi\u011fi soyk\u0131r\u0131m su\u00e7lar\u0131na ili\u015fkin benzeri g\u00f6r\u00fclmemi\u015f uluslararas\u0131 sessizlik nedeniyle insani de\u011ferlerde yank\u0131lanan bir d\u00fc\u015f\u00fc\u015fe tan\u0131k oldu\u011funu vurgulad\u0131.<\/p>\n<p style=\"text-align: justify;\">Mikdad, Hindistan&#8217;\u0131n ev sahipli\u011finde, d\u00fcnyan\u0131n \u00e7e\u015fitli \u00fclkelerinden d\u0131\u015fi\u015fleri bakanlar\u0131 ve \u00fcst d\u00fczey yetkililerin kat\u0131l\u0131m\u0131yla d\u00fczenlenen K\u00fcresel G\u00fcney&#8217;in Sesi&#8217;nin \u00fc\u00e7\u00fcnc\u00fc zirvesi \u00f6n\u00fcnde bug\u00fcn video arac\u0131l\u0131\u011f\u0131yla yapt\u0131\u011f\u0131 konu\u015fmada \u015funlar\u0131 s\u00f6yledi: &#8220;Sahte demokrasilerine sahte ba\u011fl\u0131l\u0131k g\u00f6steren ve insan haklar\u0131na sayg\u0131 g\u00f6sterme konusunda sahte iddialarda bulunan Bat\u0131l\u0131 \u00fclkeler, bu su\u00e7 \u00f6rg\u00fct\u00fcn\u00fc desteklemek i\u00e7in filolar\u0131n\u0131 ve ordular\u0131n\u0131 seferber ediyor. Bunun aamac\u0131, i\u015fgal alt\u0131ndaki Suriye Golan&#8217;\u0131nda ve i\u015fgal alt\u0131ndaki Filistin&#8217;de su\u00e7lar\u0131n\u0131 yo\u011funla\u015ft\u0131r\u0131p daha fazla katliam yapmakt\u0131r.\u2019\u2019<\/p>\n<p style=\"text-align: justify;\">Bakan Mikdad, Suriye&#8217;nin G\u00fcney \u00fclkelerinin kendi s\u00f6zlerini birle\u015ftirebilecekleri, kar\u015f\u0131la\u015ft\u0131klar\u0131 zorluklarla y\u00fczle\u015febilecekleri, k\u00fcresel y\u00f6neti\u015fimde hayati rollerini oynayabilecekleri ve uluslararas\u0131 siyasi, ekonomik ve finansal kurumlar \u00fczerindeki Bat\u0131 hegemonyas\u0131na son verebilecekleri y\u00f6n\u00fcndeki umudunu dile getirdi.<\/p>\n<p style=\"text-align: justify;\">Mikdad ayr\u0131ca, \u2018\u2019Bu \u00fclkeleri, \u00fclkelerimizin ekonomilerini yok eden ve ulusal kurumlar\u0131m\u0131z\u0131n insani ve sosyal hizmetler sa\u011flama kabiliyetini yok eden insanl\u0131k d\u0131\u015f\u0131, tek tarafl\u0131 zorlay\u0131c\u0131 \u00f6nlemler uygulamay\u0131 durdurmaya zorlamak i\u00e7in birlikte \u00e7al\u0131\u015fmal\u0131y\u0131z\u2019\u2019 ifadelerini kulland\u0131.<\/p>\n<p style=\"text-align: justify;\">Bakan Mikdad yapt\u0131\u011f\u0131 konu\u015fmada da, Amerika Birle\u015fik Devletleri ve m\u00fcttefiklerinin Suriye&#8217;ye kar\u015f\u0131 y\u00fcr\u00fctt\u00fc\u011f\u00fc d\u00fc\u015fmanca uygulamalar ve bununla ba\u011flant\u0131l\u0131 sald\u0131r\u0131 eylemleri ve i\u00e7 kaynaklar\u0131n ya\u011fmalanmas\u0131 \u0131\u015f\u0131\u011f\u0131nda, tek tarafl\u0131 zorlay\u0131c\u0131 \u00f6nlemlerin etkilerinin katlanarak artt\u0131\u011f\u0131n\u0131 kaydetti.<\/p>\n<p style=\"text-align: justify;\">D\u0131\u015fi\u015fleri Bakan\u0131 ve Gurbet\u00e7iler Bakan\u0131, d\u00fcnyan\u0131n d\u00f6rt bir yan\u0131ndan gelen ter\u00f6rle m\u00fccadelede ve topraklar\u0131ndaki yasa d\u0131\u015f\u0131 yabanc\u0131 askeri varl\u0131kla m\u00fccadelede Suriye&#8217;nin yan\u0131nda yer alan Hindistan&#8217;a ve grup \u00fclkelerine te\u015fekk\u00fcrlerini de iletti.<\/p>\n<p style=\"text-align: justify;\">Mikdad konu\u015fmas\u0131n\u0131, bug\u00fcn d\u00fcnyan\u0131n Bat\u0131l\u0131 \u00fclkelerin kontrol\u00fcndeki bir tiyatro salonuna d\u00f6n\u00fc\u015fmesinden, seri katile kurban rol\u00fc verilmesinden, anla\u015fmalar\u0131n g\u00f6z ard\u0131 edilerek seri katile kendi zevk ve \u00e7\u0131karlar\u0131na g\u00f6re kanunlar yap\u0131lmas\u0131ndan duydu\u011fu \u00fcz\u00fcnt\u00fcy\u00fc dile getirerek, tamamlad\u0131.<\/p>\n<p style=\"text-align: center;\"><strong><a href=\"https:\/\/t.me\/SuriyeArapHaberAjansI\">Telegram Kanal\u0131m\u0131z\u00a0<\/a>||<a href=\"https:\/\/twitter.com\/arap_ajans\">X Platformumuz\u00a0<\/a>||<a href=\"https:\/\/www.facebook.com\/SANAHaberAjansi\/\">Facebook Sayfam\u0131z<\/a><\/strong><\/p>\n","protected":false},"excerpt":{"rendered":"<p>\u015eAM (SANA) \u2013 D\u0131\u015fi\u015fleri ve Gurbe\u00e7iler Bakan\u0131 Faysal Mikdad, bug\u00fcn d\u00fcnyan\u0131n, \u0130srail i\u015fgal varl\u0131\u011f\u0131n\u0131n Amerikan ve Bat\u0131 deste\u011fiyle savunmas\u0131z Filistin halk\u0131na kar\u015f\u0131 i\u015fledi\u011fi soyk\u0131r\u0131m su\u00e7lar\u0131na ili\u015fkin benzeri g\u00f6r\u00fclmemi\u015f uluslararas\u0131 sessizlik nedeniyle insani de\u011ferlerde yank\u0131lanan bir d\u00fc\u015f\u00fc\u015fe tan\u0131k oldu\u011funu vurgulad\u0131. Mikdad, Hindistan&#8217;\u0131n ev sahipli\u011finde, d\u00fcnyan\u0131n \u00e7e\u015fitli \u00fclkelerinden d\u0131\u015fi\u015fleri bakanlar\u0131 ve \u00fcst d\u00fczey yetkililerin kat\u0131l\u0131m\u0131yla d\u00fczenlenen K\u00fcresel &hellip;<\/p>\n","protected":false},"author":41,"featured_media":306905,"comment_status":"closed","ping_status":"closed","sticky":false,"template":"","format":"standard","meta":{"footnotes":""},"categories":[479,17988,478],"tags":[],"class_list":["post-306903","post","type-post","status-publish","format-standard","has-post-thumbnail","","category-haberler-yerel","category-son-haberler","category-yerel"],"_links":{"self":[{"href":"https:\/\/archive.sana.sy\/tr\/index.php?rest_route=\/wp\/v2\/posts\/306903","targetHints":{"allow":["GET"]}}],"collection":[{"href":"https:\/\/archive.sana.sy\/tr\/index.php?rest_route=\/wp\/v2\/posts"}],"about":[{"href":"https:\/\/archive.sana.sy\/tr\/index.php?rest_route=\/wp\/v2\/types\/post"}],"author":[{"embeddable":true,"href":"https:\/\/archive.sana.sy\/tr\/index.php?rest_route=\/wp\/v2\/users\/41"}],"replies":[{"embeddable":true,"href":"https:\/\/archive.sana.sy\/tr\/index.php?rest_route=%2Fwp%2Fv2%2Fcomments&post=306903"}],"version-history":[{"count":5,"href":"https:\/\/archive.sana.sy\/tr\/index.php?rest_route=\/wp\/v2\/posts\/306903\/revisions"}],"predecessor-version":[{"id":306922,"href":"https:\/\/archive.sana.sy\/tr\/index.php?rest_route=\/wp\/v2\/posts\/306903\/revisions\/306922"}],"wp:featuredmedia":[{"embeddable":true,"href":"https:\/\/archive.sana.sy\/tr\/index.php?rest_route=\/wp\/v2\/media\/306905"}],"wp:attachment":[{"href":"https:\/\/archive.sana.sy\/tr\/index.php?rest_route=%2Fwp%2Fv2%2Fmedia&parent=306903"}],"wp:term":[{"taxonomy":"category","embeddable":true,"href":"https:\/\/archive.sana.sy\/tr\/index.php?rest_route=%2Fwp%2Fv2%2Fcategories&post=306903"},{"taxonomy":"post_tag","embeddable":true,"href":"https:\/\/archive.sana.sy\/tr\/index.php?rest_route=%2Fwp%2Fv2%2Ftags&post=306903"}],"curies":[{"name":"wp","href":"https:\/\/api.w.org\/{rel}","templated":true}]}}