{"id":30692,"date":"2015-04-23T10:40:43","date_gmt":"2015-04-23T07:40:43","guid":{"rendered":"http:\/\/www.sana.sy\/tr\/?p=30692"},"modified":"2015-04-23T10:40:43","modified_gmt":"2015-04-23T07:40:43","slug":"askeri-kaynak-ordu-birliklerimizin-halep-dogu-kirsalinda-ayn-el-cemacime-tel-ahmar-tel-el-hutabat-seyh-ahmet-ve-deyr-hafer-koylerinde-tekfiri-teror-orgutlerine-ait-hucreler-imha-ettiklerini-soyle","status":"publish","type":"post","link":"https:\/\/archive.sana.sy\/tr\/?p=30692","title":{"rendered":"Askeri kaynak, ordu birliklerimizin Halep do\u011fu k\u0131rsal\u0131nda, Ayn el Cemacime, Tel Ahmar, Tel el Hutabat, \u015eeyh Ahmet ve Deyr Hafer K\u00f6ylerinde tekfiri ter\u00f6r \u00f6rg\u00fctlerine ait h\u00fccreler imha ettiklerini s\u00f6yledi."},"content":{"rendered":"<p>Askeri kaynak, ordu birliklerimizin Halep do\u011fu k\u0131rsal\u0131nda, Ayn el Cemacime, Tel Ahmar, Tel el Hutabat, \u015eeyh Ahmet ve Deyr Hafer K\u00f6ylerinde tekfiri ter\u00f6r \u00f6rg\u00fctlerine ait h\u00fccreler imha ettiklerini s\u00f6yledi.<\/p>\n","protected":false},"excerpt":{"rendered":"<p>Askeri kaynak, ordu birliklerimizin Halep do\u011fu k\u0131rsal\u0131nda, Ayn el Cemacime, Tel Ahmar, Tel el Hutabat, \u015eeyh Ahmet ve Deyr Hafer K\u00f6ylerinde tekfiri ter\u00f6r \u00f6rg\u00fctlerine ait h\u00fccreler imha ettiklerini s\u00f6yledi.<\/p>\n","protected":false},"author":1,"featured_media":0,"comment_status":"closed","ping_status":"closed","sticky":false,"template":"","format":"standard","meta":{"footnotes":""},"categories":[1],"tags":[1031,13958,13957,13961,13959,13960],"class_list":["post-30692","post","type-post","status-publish","format-standard","","category-news-not-sorted","tag-askeri-kaynak","tag-ayn-el-cemacime","tag-ordu-birliklerimizin-halep-dogu-kirsalinda","tag-seyh-ahmet-ve-deyr-hafer-koylerinde-tekfiri-teror-orgutlerine-ait-hucreler-imha-ettiklerini-soyledi","tag-tel-ahmar","tag-tel-el-hutabat"],"_links":{"self":[{"href":"https:\/\/archive.sana.sy\/tr\/index.php?rest_route=\/wp\/v2\/posts\/30692","targetHints":{"allow":["GET"]}}],"collection":[{"href":"https:\/\/archive.sana.sy\/tr\/index.php?rest_route=\/wp\/v2\/posts"}],"about":[{"href":"https:\/\/archive.sana.sy\/tr\/index.php?rest_route=\/wp\/v2\/types\/post"}],"author":[{"embeddable":true,"href":"https:\/\/archive.sana.sy\/tr\/index.php?rest_route=\/wp\/v2\/users\/1"}],"replies":[{"embeddable":true,"href":"https:\/\/archive.sana.sy\/tr\/index.php?rest_route=%2Fwp%2Fv2%2Fcomments&post=30692"}],"version-history":[{"count":0,"href":"https:\/\/archive.sana.sy\/tr\/index.php?rest_route=\/wp\/v2\/posts\/30692\/revisions"}],"wp:attachment":[{"href":"https:\/\/archive.sana.sy\/tr\/index.php?rest_route=%2Fwp%2Fv2%2Fmedia&parent=30692"}],"wp:term":[{"taxonomy":"category","embeddable":true,"href":"https:\/\/archive.sana.sy\/tr\/index.php?rest_route=%2Fwp%2Fv2%2Fcategories&post=30692"},{"taxonomy":"post_tag","embeddable":true,"href":"https:\/\/archive.sana.sy\/tr\/index.php?rest_route=%2Fwp%2Fv2%2Ftags&post=30692"}],"curies":[{"name":"wp","href":"https:\/\/api.w.org\/{rel}","templated":true}]}}