{"id":306951,"date":"2024-08-19T13:35:12","date_gmt":"2024-08-19T10:35:12","guid":{"rendered":"https:\/\/sana.sy\/tr\/?p=306951"},"modified":"2024-08-21T08:14:28","modified_gmt":"2024-08-21T05:14:28","slug":"saglik-bakanligi-suriyede-monkeypox-maymun-cicegi-yok","status":"publish","type":"post","link":"https:\/\/archive.sana.sy\/tr\/?p=306951","title":{"rendered":"Sa\u011fl\u0131k Bakanl\u0131\u011f\u0131: Suriye&#8217;de (Monkeypox) Maymun \u00c7i\u00e7e\u011fi Yoktur"},"content":{"rendered":"<p style=\"text-align: justify;\"><strong>\u015eAM (SANA)<\/strong> \u2013 Sa\u011fl\u0131k Bakanl\u0131\u011f\u0131, Suriye&#8217;de maymun hastal\u0131\u011f\u0131ndan ar\u0131n\u0131ld\u0131\u011f\u0131n\u0131 duyuarak,\u00a0 al\u0131nmas\u0131 gereken tedbirleri t\u00fcm valiliklerdeki erken g\u00f6zetim ve epidemiyolojik ara\u015ft\u0131rma ekiplerine ve \u00f6zellikle s\u0131n\u0131r kap\u0131lar\u0131ndaki sa\u011fl\u0131k \u00e7al\u0131\u015fanlar\u0131na da\u011f\u0131tarak sa\u011fl\u0131k sekt\u00f6r\u00fcn\u00fcn proaktif bir haz\u0131rl\u0131k i\u00e7inde oldu\u011funu vurgulad\u0131.<\/p>\n<p style=\"text-align: justify;\">Bakanl\u0131k, bir n\u00fcshas\u0131 SANA&#8217;ya ula\u015fan a\u00e7\u0131klamas\u0131nda, yak\u0131n zamanda D\u00fcnya Sa\u011fl\u0131k \u00d6rg\u00fct\u00fc&#8217;n\u00fcn 14 A\u011fustos 2024&#8217;teki ikinci duyurusu \u00fczerine s\u0131k\u0131la\u015ft\u0131rma prosed\u00fcrlerini yeniden dola\u015f\u0131ma soktu\u011funu a\u00e7\u0131klarken de, Demokratik Kongo Cumhuriyeti&#8217;nde ve Afrika&#8217;da giderek artan say\u0131da \u00fclkede maymun \u00e7i\u00e7e\u011fi salg\u0131nlar\u0131ndaki \u00f6nemli art\u0131\u015f\u0131n, Uluslararas\u0131 Sa\u011fl\u0131k T\u00fcz\u00fc\u011f\u00fc kapsam\u0131nda uluslararas\u0131 \u00f6neme sahip bir halk sa\u011fl\u0131\u011f\u0131 acil durumu olu\u015fturdu\u011funu kaydetti.<\/p>\n<p style=\"text-align: center;\"><strong><a href=\"https:\/\/t.me\/SuriyeArapHaberAjansI\">Telegram Kanal\u0131m\u0131z\u00a0<\/a>||<a href=\"https:\/\/twitter.com\/arap_ajans\">X Platformumuz\u00a0<\/a>||<a href=\"https:\/\/www.facebook.com\/SANAHaberAjansi\/\">Facebook Sayfam\u0131z<\/a><\/strong><\/p>\n","protected":false},"excerpt":{"rendered":"<p>\u015eAM (SANA) \u2013 Sa\u011fl\u0131k Bakanl\u0131\u011f\u0131, Suriye&#8217;de maymun hastal\u0131\u011f\u0131ndan ar\u0131n\u0131ld\u0131\u011f\u0131n\u0131 duyuarak,\u00a0 al\u0131nmas\u0131 gereken tedbirleri t\u00fcm valiliklerdeki erken g\u00f6zetim ve epidemiyolojik ara\u015ft\u0131rma ekiplerine ve \u00f6zellikle s\u0131n\u0131r kap\u0131lar\u0131ndaki sa\u011fl\u0131k \u00e7al\u0131\u015fanlar\u0131na da\u011f\u0131tarak sa\u011fl\u0131k sekt\u00f6r\u00fcn\u00fcn proaktif bir haz\u0131rl\u0131k i\u00e7inde oldu\u011funu vurgulad\u0131. Bakanl\u0131k, bir n\u00fcshas\u0131 SANA&#8217;ya ula\u015fan a\u00e7\u0131klamas\u0131nda, yak\u0131n zamanda D\u00fcnya Sa\u011fl\u0131k \u00d6rg\u00fct\u00fc&#8217;n\u00fcn 14 A\u011fustos 2024&#8217;teki ikinci duyurusu \u00fczerine s\u0131k\u0131la\u015ft\u0131rma prosed\u00fcrlerini &hellip;<\/p>\n","protected":false},"author":39,"featured_media":306952,"comment_status":"closed","ping_status":"closed","sticky":false,"template":"","format":"standard","meta":{"footnotes":""},"categories":[479,17988,525,538,478],"tags":[42192],"class_list":["post-306951","post","type-post","status-publish","format-standard","has-post-thumbnail","","category-haberler-yerel","category-son-haberler","category-toplum","category-yasam","category-yerel","tag-monkeypox-maymun-cicegi"],"_links":{"self":[{"href":"https:\/\/archive.sana.sy\/tr\/index.php?rest_route=\/wp\/v2\/posts\/306951","targetHints":{"allow":["GET"]}}],"collection":[{"href":"https:\/\/archive.sana.sy\/tr\/index.php?rest_route=\/wp\/v2\/posts"}],"about":[{"href":"https:\/\/archive.sana.sy\/tr\/index.php?rest_route=\/wp\/v2\/types\/post"}],"author":[{"embeddable":true,"href":"https:\/\/archive.sana.sy\/tr\/index.php?rest_route=\/wp\/v2\/users\/39"}],"replies":[{"embeddable":true,"href":"https:\/\/archive.sana.sy\/tr\/index.php?rest_route=%2Fwp%2Fv2%2Fcomments&post=306951"}],"version-history":[{"count":4,"href":"https:\/\/archive.sana.sy\/tr\/index.php?rest_route=\/wp\/v2\/posts\/306951\/revisions"}],"predecessor-version":[{"id":306972,"href":"https:\/\/archive.sana.sy\/tr\/index.php?rest_route=\/wp\/v2\/posts\/306951\/revisions\/306972"}],"wp:featuredmedia":[{"embeddable":true,"href":"https:\/\/archive.sana.sy\/tr\/index.php?rest_route=\/wp\/v2\/media\/306952"}],"wp:attachment":[{"href":"https:\/\/archive.sana.sy\/tr\/index.php?rest_route=%2Fwp%2Fv2%2Fmedia&parent=306951"}],"wp:term":[{"taxonomy":"category","embeddable":true,"href":"https:\/\/archive.sana.sy\/tr\/index.php?rest_route=%2Fwp%2Fv2%2Fcategories&post=306951"},{"taxonomy":"post_tag","embeddable":true,"href":"https:\/\/archive.sana.sy\/tr\/index.php?rest_route=%2Fwp%2Fv2%2Ftags&post=306951"}],"curies":[{"name":"wp","href":"https:\/\/api.w.org\/{rel}","templated":true}]}}