{"id":306966,"date":"2024-08-19T10:45:10","date_gmt":"2024-08-19T07:45:10","guid":{"rendered":"https:\/\/sana.sy\/tr\/?p=306966"},"modified":"2024-08-21T08:13:34","modified_gmt":"2024-08-21T05:13:34","slug":"ushakov-kursk-saldirisinin-ardindan-kiev-rejimiyle-muzakere-yapmanin-bir-anlami-yoktur","status":"publish","type":"post","link":"https:\/\/archive.sana.sy\/tr\/?p=306966","title":{"rendered":"Ushakov: Kursk Sald\u0131r\u0131s\u0131n\u0131n ard\u0131ndan Kiev Rejimiyle M\u00fczakere Yapman\u0131n Bir Anlam\u0131 Yoktur"},"content":{"rendered":"<p style=\"text-align: justify;\"><strong>MOSKOVA (SANA) &#8211;<\/strong> Rusya Cumhurba\u015fkanl\u0131\u011f\u0131 Siyasi \u0130\u015flerden Sorumlu Yard\u0131mc\u0131s\u0131 Yuri Ushakov, Rusya&#8217;n\u0131n Kursk eyaletine ba\u015flatt\u0131\u011f\u0131 sald\u0131r\u0131n\u0131n ard\u0131ndan Kiev rejimiyle m\u00fczakere s\u00fcrecine girmeyece\u011fini do\u011frulad\u0131.<\/p>\n<p style=\"text-align: justify;\">Ushakov bug\u00fcn yapt\u0131\u011f\u0131 a\u00e7\u0131klamada \u00fclkesinin &#8220;Kursk&#8217;a y\u00f6nelik sald\u0131rganl\u0131\u011f\u0131 nedeniyle mevcut a\u015famada Kiev ile konu\u015fmayaca\u011f\u0131n\u0131&#8221; vurgularken, \u2018\u2019Rusya Devlet Ba\u015fkan\u0131 \u00a0Vladimir Putin&#8217;in Ukrayna yerle\u015fimi hakk\u0131ndaki \u00f6nerilerinin hala y\u00fcr\u00fcrl\u00fckte, ancak mevcut a\u015famada m\u00fczakerelere girmenin bir anlam\u0131 yokt\u0131r\u2019\u2019 dedi.<\/p>\n<p style=\"text-align: justify;\">Ushakov ayr\u0131ca, &#8220;Rusya&#8217;n\u0131n m\u00fczakerelerden uzak durma s\u00fcresinin, sava\u015f alan\u0131 da dahil olmak \u00fczere, durumdaki geli\u015fmelere ba\u011fl\u0131 oldu\u011funu&#8221; ifadelerini kulland\u0131.<\/p>\n<p style=\"text-align: center;\"><strong><a href=\"https:\/\/t.me\/SuriyeArapHaberAjansI\">Telegram Kanal\u0131m\u0131z\u00a0<\/a>||<a href=\"https:\/\/twitter.com\/arap_ajans\">X Platformumuz\u00a0<\/a>||<a href=\"https:\/\/www.facebook.com\/SANAHaberAjansi\/\">Facebook Sayfam\u0131z<\/a><\/strong><\/p>\n","protected":false},"excerpt":{"rendered":"<p>MOSKOVA (SANA) &#8211; Rusya Cumhurba\u015fkanl\u0131\u011f\u0131 Siyasi \u0130\u015flerden Sorumlu Yard\u0131mc\u0131s\u0131 Yuri Ushakov, Rusya&#8217;n\u0131n Kursk eyaletine ba\u015flatt\u0131\u011f\u0131 sald\u0131r\u0131n\u0131n ard\u0131ndan Kiev rejimiyle m\u00fczakere s\u00fcrecine girmeyece\u011fini do\u011frulad\u0131. Ushakov bug\u00fcn yapt\u0131\u011f\u0131 a\u00e7\u0131klamada \u00fclkesinin &#8220;Kursk&#8217;a y\u00f6nelik sald\u0131rganl\u0131\u011f\u0131 nedeniyle mevcut a\u015famada Kiev ile konu\u015fmayaca\u011f\u0131n\u0131&#8221; vurgularken, \u2018\u2019Rusya Devlet Ba\u015fkan\u0131 \u00a0Vladimir Putin&#8217;in Ukrayna yerle\u015fimi hakk\u0131ndaki \u00f6nerilerinin hala y\u00fcr\u00fcrl\u00fckte, ancak mevcut a\u015famada m\u00fczakerelere girmenin bir &hellip;<\/p>\n","protected":false},"author":41,"featured_media":306967,"comment_status":"closed","ping_status":"closed","sticky":false,"template":"","format":"standard","meta":{"footnotes":""},"categories":[458,459,17988],"tags":[42190],"class_list":["post-306966","post","type-post","status-publish","format-standard","has-post-thumbnail","","category-dunya1","category-haberler-arap-uluslararasi-politika","category-son-haberler","tag-ushakov-kursk-saldirisinin-ardindan-kiev-rejimiyle-muzakere-yapmanin-bir-anlami-yoktur"],"_links":{"self":[{"href":"https:\/\/archive.sana.sy\/tr\/index.php?rest_route=\/wp\/v2\/posts\/306966","targetHints":{"allow":["GET"]}}],"collection":[{"href":"https:\/\/archive.sana.sy\/tr\/index.php?rest_route=\/wp\/v2\/posts"}],"about":[{"href":"https:\/\/archive.sana.sy\/tr\/index.php?rest_route=\/wp\/v2\/types\/post"}],"author":[{"embeddable":true,"href":"https:\/\/archive.sana.sy\/tr\/index.php?rest_route=\/wp\/v2\/users\/41"}],"replies":[{"embeddable":true,"href":"https:\/\/archive.sana.sy\/tr\/index.php?rest_route=%2Fwp%2Fv2%2Fcomments&post=306966"}],"version-history":[{"count":1,"href":"https:\/\/archive.sana.sy\/tr\/index.php?rest_route=\/wp\/v2\/posts\/306966\/revisions"}],"predecessor-version":[{"id":306968,"href":"https:\/\/archive.sana.sy\/tr\/index.php?rest_route=\/wp\/v2\/posts\/306966\/revisions\/306968"}],"wp:featuredmedia":[{"embeddable":true,"href":"https:\/\/archive.sana.sy\/tr\/index.php?rest_route=\/wp\/v2\/media\/306967"}],"wp:attachment":[{"href":"https:\/\/archive.sana.sy\/tr\/index.php?rest_route=%2Fwp%2Fv2%2Fmedia&parent=306966"}],"wp:term":[{"taxonomy":"category","embeddable":true,"href":"https:\/\/archive.sana.sy\/tr\/index.php?rest_route=%2Fwp%2Fv2%2Fcategories&post=306966"},{"taxonomy":"post_tag","embeddable":true,"href":"https:\/\/archive.sana.sy\/tr\/index.php?rest_route=%2Fwp%2Fv2%2Ftags&post=306966"}],"curies":[{"name":"wp","href":"https:\/\/api.w.org\/{rel}","templated":true}]}}