{"id":306969,"date":"2024-08-19T13:00:40","date_gmt":"2024-08-19T10:00:40","guid":{"rendered":"https:\/\/sana.sy\/tr\/?p=306969"},"modified":"2024-08-21T08:13:41","modified_gmt":"2024-08-21T05:13:41","slug":"kenaani-uluslararasi-toplumun-eylemsizligi-sonucu-siyonist-olusumun-suclari-devam-ediyor","status":"publish","type":"post","link":"https:\/\/archive.sana.sy\/tr\/?p=306969","title":{"rendered":"Kenaani: Uluslararas\u0131 Toplumun Eylemsizli\u011fi Sonucu Siyonist Varl\u0131\u011f\u0131n Su\u00e7lar\u0131 Devam Ediyor"},"content":{"rendered":"<p style=\"text-align: justify;\"><strong>TAHRAN (SANA)<\/strong> &#8211;\u00a0 \u0130ran D\u0131\u015fi\u015fleri Bakanl\u0131\u011f\u0131 s\u00f6zc\u00fcs\u00fc Nas\u0131r Kenaani, \u0130ran&#8217;\u0131n ate\u015fkes ve Siyonist varl\u0131\u011f\u0131n i\u015fledi\u011fi b\u00fcy\u00fck \u00f6l\u00e7ekli vah\u015fi su\u00e7lara son verilmesini ama\u00e7layan her t\u00fcrl\u00fc samimi \u00e7abay\u0131 memnuniyetle kar\u015f\u0131lad\u0131\u011f\u0131n\u0131 do\u011frulad\u0131.<\/p>\n<p style=\"text-align: justify;\">Kenaani, bug\u00fcn d\u00fczenledi\u011fi haftal\u0131k bas\u0131n toplant\u0131s\u0131nda, Siyonist varl\u0131\u011f\u0131n su\u00e7lar\u0131n\u0131 s\u00fcrd\u00fcrmesinin, Amerika bask\u0131s\u0131n\u0131n etkisi alt\u0131ndaki Birle\u015fmi\u015f Milletler G\u00fcvenlik Konseyi ba\u015fta olmak \u00fczere uluslararas\u0131 toplumun eylemsizli\u011finin sonucu oldu\u011funa dikkat \u00e7ekti.<\/p>\n<p style=\"text-align: justify;\">Kenaani ayr\u0131ca, Amerikan h\u00fck\u00fcmetinin Siyonist varl\u0131\u011f\u0131 desteklemesi ve onun su\u00e7lar\u0131na ortak olmas\u0131 nedeniyle ate\u015fkes meselesini takip etme yetkisine sahip olmad\u0131\u011f\u0131n\u0131 ve uygun olmad\u0131\u011f\u0131n\u0131 vurgulayarak, onun g\u00fcvenli\u011fine ba\u011fl\u0131 oldu\u011funu kaydetti.<\/p>\n<p style=\"text-align: center;\"><strong><a href=\"https:\/\/t.me\/SuriyeArapHaberAjansI\">Telegram Kanal\u0131m\u0131z\u00a0<\/a>||<a href=\"https:\/\/twitter.com\/arap_ajans\">X Platformumuz\u00a0<\/a>||<a href=\"https:\/\/www.facebook.com\/SANAHaberAjansi\/\">Facebook Sayfam\u0131z<\/a><\/strong><\/p>\n","protected":false},"excerpt":{"rendered":"<p>TAHRAN (SANA) &#8211;\u00a0 \u0130ran D\u0131\u015fi\u015fleri Bakanl\u0131\u011f\u0131 s\u00f6zc\u00fcs\u00fc Nas\u0131r Kenaani, \u0130ran&#8217;\u0131n ate\u015fkes ve Siyonist varl\u0131\u011f\u0131n i\u015fledi\u011fi b\u00fcy\u00fck \u00f6l\u00e7ekli vah\u015fi su\u00e7lara son verilmesini ama\u00e7layan her t\u00fcrl\u00fc samimi \u00e7abay\u0131 memnuniyetle kar\u015f\u0131lad\u0131\u011f\u0131n\u0131 do\u011frulad\u0131. Kenaani, bug\u00fcn d\u00fczenledi\u011fi haftal\u0131k bas\u0131n toplant\u0131s\u0131nda, Siyonist varl\u0131\u011f\u0131n su\u00e7lar\u0131n\u0131 s\u00fcrd\u00fcrmesinin, Amerika bask\u0131s\u0131n\u0131n etkisi alt\u0131ndaki Birle\u015fmi\u015f Milletler G\u00fcvenlik Konseyi ba\u015fta olmak \u00fczere uluslararas\u0131 toplumun eylemsizli\u011finin sonucu oldu\u011funa &hellip;<\/p>\n","protected":false},"author":41,"featured_media":306970,"comment_status":"closed","ping_status":"closed","sticky":false,"template":"","format":"standard","meta":{"footnotes":""},"categories":[458,459,17988],"tags":[42191],"class_list":["post-306969","post","type-post","status-publish","format-standard","has-post-thumbnail","","category-dunya1","category-haberler-arap-uluslararasi-politika","category-son-haberler","tag-kenaani-uluslararasi-toplumun-eylemsizligi-sonucu-siyonist-olusumun-suclari-devam-ediyor"],"_links":{"self":[{"href":"https:\/\/archive.sana.sy\/tr\/index.php?rest_route=\/wp\/v2\/posts\/306969","targetHints":{"allow":["GET"]}}],"collection":[{"href":"https:\/\/archive.sana.sy\/tr\/index.php?rest_route=\/wp\/v2\/posts"}],"about":[{"href":"https:\/\/archive.sana.sy\/tr\/index.php?rest_route=\/wp\/v2\/types\/post"}],"author":[{"embeddable":true,"href":"https:\/\/archive.sana.sy\/tr\/index.php?rest_route=\/wp\/v2\/users\/41"}],"replies":[{"embeddable":true,"href":"https:\/\/archive.sana.sy\/tr\/index.php?rest_route=%2Fwp%2Fv2%2Fcomments&post=306969"}],"version-history":[{"count":2,"href":"https:\/\/archive.sana.sy\/tr\/index.php?rest_route=\/wp\/v2\/posts\/306969\/revisions"}],"predecessor-version":[{"id":306982,"href":"https:\/\/archive.sana.sy\/tr\/index.php?rest_route=\/wp\/v2\/posts\/306969\/revisions\/306982"}],"wp:featuredmedia":[{"embeddable":true,"href":"https:\/\/archive.sana.sy\/tr\/index.php?rest_route=\/wp\/v2\/media\/306970"}],"wp:attachment":[{"href":"https:\/\/archive.sana.sy\/tr\/index.php?rest_route=%2Fwp%2Fv2%2Fmedia&parent=306969"}],"wp:term":[{"taxonomy":"category","embeddable":true,"href":"https:\/\/archive.sana.sy\/tr\/index.php?rest_route=%2Fwp%2Fv2%2Fcategories&post=306969"},{"taxonomy":"post_tag","embeddable":true,"href":"https:\/\/archive.sana.sy\/tr\/index.php?rest_route=%2Fwp%2Fv2%2Ftags&post=306969"}],"curies":[{"name":"wp","href":"https:\/\/api.w.org\/{rel}","templated":true}]}}