{"id":306979,"date":"2024-08-19T19:17:56","date_gmt":"2024-08-19T16:17:56","guid":{"rendered":"https:\/\/sana.sy\/tr\/?p=306979"},"modified":"2024-08-21T08:14:34","modified_gmt":"2024-08-21T05:14:34","slug":"lavrov-vasingtonun-emri-olmasaydi-zelensky-rejimi-kurska-saldirmaya-cesaret-edemezdi","status":"publish","type":"post","link":"https:\/\/archive.sana.sy\/tr\/?p=306979","title":{"rendered":"Lavrov: Va\u015fington&#8217;un Emri Olmasayd\u0131 Zelensky Rejimi Kursk&#8217;a Sald\u0131rmaya Cesaret Edemezdi"},"content":{"rendered":"<p style=\"text-align: justify;\"><strong>MOSKOVA (SANA) &#8211;<\/strong>\u00a0 Rusya D\u0131\u015fi\u015fleri Bakan\u0131 Sergei Lavrov, Ukrayna rejimi ba\u015fkan\u0131 Vladimir Zelensky&#8217;nin, ABD&#8217;nin kendisinden bunu istememesi halinde Rusya&#8217;n\u0131n Kursk eyaletine sald\u0131rmaya cesaret edemeyece\u011fini do\u011frulad\u0131.<\/p>\n<p style=\"text-align: justify;\">Kiev&#8217;in Kursk b\u00f6lgesine y\u00f6nelik sald\u0131r\u0131lar\u0131na Bat\u0131l\u0131 \u00fclkelerin yakla\u015f\u0131m\u0131 hakk\u0131nda yorum yapan Lavrov, gazeteci Pavel Zarubin ile yapt\u0131\u011f\u0131 r\u00f6portajda \u015funlar\u0131 s\u00f6yledi: &#8220;Herkes \u015funu \u00e7ok iyi anl\u0131yor ki, e\u011fer ABD kendisine s\u00f6z vermeseydi Zelensky bu sald\u0131r\u0131y\u0131 ger\u00e7ekle\u015ftirmeye asla karar vermezdi.&#8221;<\/p>\n<p style=\"text-align: justify;\">Lavrov, Ukrayna liderli\u011finin \u015fu anda \u00e7aresiz bir durumda oldu\u011funu ve Zelensky&#8217;ye alternatif arad\u0131\u011f\u0131n\u0131 d\u00fc\u015f\u00fcn\u00fcyor.<\/p>\n<p style=\"text-align: justify;\">Lavrov ayr\u0131ca, Ukrayna&#8217;n\u0131n Kursk&#8217;a sald\u0131r\u0131s\u0131n\u0131n ard\u0131ndan Kiev ile m\u00fczakere yap\u0131lmayaca\u011f\u0131n\u0131 vurgularken, &#8220;Ba\u015fkan Vladimir Putin, Kursk topraklar\u0131n\u0131n i\u015fgalinden sonra herhangi bir m\u00fczakereden s\u00f6z edilemeyece\u011fini \u00e7ok a\u00e7\u0131k bir \u015fekilde s\u00f6yledi&#8221; ifadelerini kulland\u0131.<\/p>\n<p style=\"text-align: center;\"><strong><a href=\"https:\/\/t.me\/SuriyeArapHaberAjansI\">Telegram Kanal\u0131m\u0131z\u00a0<\/a>||<a href=\"https:\/\/twitter.com\/arap_ajans\">X Platformumuz\u00a0<\/a>||<a href=\"https:\/\/www.facebook.com\/SANAHaberAjansi\/\">Facebook Sayfam\u0131z<\/a><\/strong><\/p>\n","protected":false},"excerpt":{"rendered":"<p>MOSKOVA (SANA) &#8211;\u00a0 Rusya D\u0131\u015fi\u015fleri Bakan\u0131 Sergei Lavrov, Ukrayna rejimi ba\u015fkan\u0131 Vladimir Zelensky&#8217;nin, ABD&#8217;nin kendisinden bunu istememesi halinde Rusya&#8217;n\u0131n Kursk eyaletine sald\u0131rmaya cesaret edemeyece\u011fini do\u011frulad\u0131. Kiev&#8217;in Kursk b\u00f6lgesine y\u00f6nelik sald\u0131r\u0131lar\u0131na Bat\u0131l\u0131 \u00fclkelerin yakla\u015f\u0131m\u0131 hakk\u0131nda yorum yapan Lavrov, gazeteci Pavel Zarubin ile yapt\u0131\u011f\u0131 r\u00f6portajda \u015funlar\u0131 s\u00f6yledi: &#8220;Herkes \u015funu \u00e7ok iyi anl\u0131yor ki, e\u011fer ABD kendisine s\u00f6z &hellip;<\/p>\n","protected":false},"author":41,"featured_media":306980,"comment_status":"closed","ping_status":"closed","sticky":false,"template":"","format":"standard","meta":{"footnotes":""},"categories":[458,459,17988],"tags":[42194],"class_list":["post-306979","post","type-post","status-publish","format-standard","has-post-thumbnail","","category-dunya1","category-haberler-arap-uluslararasi-politika","category-son-haberler","tag-lavrov-vasingtonun-emri-olmasaydi-zelensky-rejimi-kurska-saldirmaya-cesaret-edemezdi"],"_links":{"self":[{"href":"https:\/\/archive.sana.sy\/tr\/index.php?rest_route=\/wp\/v2\/posts\/306979","targetHints":{"allow":["GET"]}}],"collection":[{"href":"https:\/\/archive.sana.sy\/tr\/index.php?rest_route=\/wp\/v2\/posts"}],"about":[{"href":"https:\/\/archive.sana.sy\/tr\/index.php?rest_route=\/wp\/v2\/types\/post"}],"author":[{"embeddable":true,"href":"https:\/\/archive.sana.sy\/tr\/index.php?rest_route=\/wp\/v2\/users\/41"}],"replies":[{"embeddable":true,"href":"https:\/\/archive.sana.sy\/tr\/index.php?rest_route=%2Fwp%2Fv2%2Fcomments&post=306979"}],"version-history":[{"count":1,"href":"https:\/\/archive.sana.sy\/tr\/index.php?rest_route=\/wp\/v2\/posts\/306979\/revisions"}],"predecessor-version":[{"id":306981,"href":"https:\/\/archive.sana.sy\/tr\/index.php?rest_route=\/wp\/v2\/posts\/306979\/revisions\/306981"}],"wp:featuredmedia":[{"embeddable":true,"href":"https:\/\/archive.sana.sy\/tr\/index.php?rest_route=\/wp\/v2\/media\/306980"}],"wp:attachment":[{"href":"https:\/\/archive.sana.sy\/tr\/index.php?rest_route=%2Fwp%2Fv2%2Fmedia&parent=306979"}],"wp:term":[{"taxonomy":"category","embeddable":true,"href":"https:\/\/archive.sana.sy\/tr\/index.php?rest_route=%2Fwp%2Fv2%2Fcategories&post=306979"},{"taxonomy":"post_tag","embeddable":true,"href":"https:\/\/archive.sana.sy\/tr\/index.php?rest_route=%2Fwp%2Fv2%2Ftags&post=306979"}],"curies":[{"name":"wp","href":"https:\/\/api.w.org\/{rel}","templated":true}]}}