{"id":307047,"date":"2024-08-20T15:48:47","date_gmt":"2024-08-20T12:48:47","guid":{"rendered":"https:\/\/sana.sy\/tr\/?p=307047"},"modified":"2024-08-21T08:15:12","modified_gmt":"2024-08-21T05:15:12","slug":"gazzede-yerinden-edilmis-kisilerin-kaldigi-bir-okula-duzenlenen-isgal-bombardimani-sonucu-10-sehit","status":"publish","type":"post","link":"https:\/\/archive.sana.sy\/tr\/?p=307047","title":{"rendered":"Gazze&#8217;de Yerinden Edilmi\u015f Ki\u015filerin Kald\u0131\u011f\u0131 Bir Okula D\u00fczenlenen \u0130\u015fgal Bombard\u0131man\u0131 Sonucu 10 \u015eehit"},"content":{"rendered":"<p style=\"text-align: justify;\"><strong>\u0130\u015eGAL ED\u0130LM\u0130\u015e KUD\u00dcS (SANA)<\/strong> \u2013 \u0130\u015fgalci \u0130srail\u2019in Gazze&#8217;de yerinden edilmi\u015f ki\u015filerin bulundu\u011fu bir okulu bombalamas\u0131 sonucu bug\u00fcn 10 Filistinli \u015fehit oldu, \u00e7ok say\u0131da ki\u015fi de yaraland\u0131.<\/p>\n<p style=\"text-align: justify;\">Wafa Ajans\u0131, \u2018\u2019\u0130\u015fgal u\u00e7aklar\u0131, \u015fehrin El Rimal mahallesinde yerinden edilmi\u015f ki\u015filerin ya\u015fad\u0131\u011f\u0131 bir okulu bombalad\u0131, 10 ki\u015fi \u00f6ld\u00fc, onlarca ki\u015fi yaraland\u0131. Kurtarma ekipleri, 700 yerinden edilmi\u015f ki\u015finin bar\u0131nd\u0131\u011f\u0131 okulda, enkaz alt\u0131nda kay\u0131p ki\u015fileri arama \u00e7al\u0131\u015fmalar\u0131n\u0131 s\u00fcrd\u00fcr\u00fcyor.\u2019\u2019<\/p>\n<p style=\"text-align: justify;\">Bu ay\u0131n 10&#8217;unda, i\u015fgalcilerin Gazze \u015fehrinin do\u011fusundaki El Dureyc \u00a0semtindeki El Tabiin Okulu&#8217;nda yerinden edilmi\u015f insanlara kar\u015f\u0131 ger\u00e7ekle\u015ftirdi\u011fi katliamda 100&#8217;den fazla Filistinli \u015fehit oldu, 150&#8217;den fazla Filistinli de yaraland\u0131.<\/p>\n<p style=\"text-align: center;\"><strong><a href=\"https:\/\/t.me\/SuriyeArapHaberAjansI\">Telegram Kanal\u0131m\u0131z\u00a0<\/a>||<a href=\"https:\/\/twitter.com\/arap_ajans\">X Platformumuz\u00a0<\/a>||<a href=\"https:\/\/www.facebook.com\/SANAHaberAjansi\/\">Facebook Sayfam\u0131z<\/a><\/strong><\/p>\n","protected":false},"excerpt":{"rendered":"<p>\u0130\u015eGAL ED\u0130LM\u0130\u015e KUD\u00dcS (SANA) \u2013 \u0130\u015fgalci \u0130srail\u2019in Gazze&#8217;de yerinden edilmi\u015f ki\u015filerin bulundu\u011fu bir okulu bombalamas\u0131 sonucu bug\u00fcn 10 Filistinli \u015fehit oldu, \u00e7ok say\u0131da ki\u015fi de yaraland\u0131. Wafa Ajans\u0131, \u2018\u2019\u0130\u015fgal u\u00e7aklar\u0131, \u015fehrin El Rimal mahallesinde yerinden edilmi\u015f ki\u015filerin ya\u015fad\u0131\u011f\u0131 bir okulu bombalad\u0131, 10 ki\u015fi \u00f6ld\u00fc, onlarca ki\u015fi yaraland\u0131. Kurtarma ekipleri, 700 yerinden edilmi\u015f ki\u015finin bar\u0131nd\u0131\u011f\u0131 okulda, &hellip;<\/p>\n","protected":false},"author":41,"featured_media":307048,"comment_status":"closed","ping_status":"closed","sticky":false,"template":"","format":"standard","meta":{"footnotes":""},"categories":[458,459,17988],"tags":[],"class_list":["post-307047","post","type-post","status-publish","format-standard","has-post-thumbnail","","category-dunya1","category-haberler-arap-uluslararasi-politika","category-son-haberler"],"_links":{"self":[{"href":"https:\/\/archive.sana.sy\/tr\/index.php?rest_route=\/wp\/v2\/posts\/307047","targetHints":{"allow":["GET"]}}],"collection":[{"href":"https:\/\/archive.sana.sy\/tr\/index.php?rest_route=\/wp\/v2\/posts"}],"about":[{"href":"https:\/\/archive.sana.sy\/tr\/index.php?rest_route=\/wp\/v2\/types\/post"}],"author":[{"embeddable":true,"href":"https:\/\/archive.sana.sy\/tr\/index.php?rest_route=\/wp\/v2\/users\/41"}],"replies":[{"embeddable":true,"href":"https:\/\/archive.sana.sy\/tr\/index.php?rest_route=%2Fwp%2Fv2%2Fcomments&post=307047"}],"version-history":[{"count":2,"href":"https:\/\/archive.sana.sy\/tr\/index.php?rest_route=\/wp\/v2\/posts\/307047\/revisions"}],"predecessor-version":[{"id":307059,"href":"https:\/\/archive.sana.sy\/tr\/index.php?rest_route=\/wp\/v2\/posts\/307047\/revisions\/307059"}],"wp:featuredmedia":[{"embeddable":true,"href":"https:\/\/archive.sana.sy\/tr\/index.php?rest_route=\/wp\/v2\/media\/307048"}],"wp:attachment":[{"href":"https:\/\/archive.sana.sy\/tr\/index.php?rest_route=%2Fwp%2Fv2%2Fmedia&parent=307047"}],"wp:term":[{"taxonomy":"category","embeddable":true,"href":"https:\/\/archive.sana.sy\/tr\/index.php?rest_route=%2Fwp%2Fv2%2Fcategories&post=307047"},{"taxonomy":"post_tag","embeddable":true,"href":"https:\/\/archive.sana.sy\/tr\/index.php?rest_route=%2Fwp%2Fv2%2Ftags&post=307047"}],"curies":[{"name":"wp","href":"https:\/\/api.w.org\/{rel}","templated":true}]}}