{"id":307056,"date":"2024-08-20T17:25:50","date_gmt":"2024-08-20T14:25:50","guid":{"rendered":"https:\/\/sana.sy\/tr\/?p=307056"},"modified":"2024-08-21T08:15:17","modified_gmt":"2024-08-21T05:15:17","slug":"lubnan-direnisi-bir-dizi-israil-dusman-bolgesini-hedef-aldi","status":"publish","type":"post","link":"https:\/\/archive.sana.sy\/tr\/?p=307056","title":{"rendered":"L\u00fcbnan Direni\u015fi Bir Dizi \u0130srail D\u00fc\u015fman B\u00f6lgesini Hedef Ald\u0131"},"content":{"rendered":"<p style=\"text-align: justify;\"><strong>BEYRUT (SANA)<\/strong> &#8211;\u00a0 Bug\u00fcn L\u00fcbnan Direni\u015fi, s\u0131n\u0131rdaki ve i\u015fgal alt\u0131ndaki Filistin topraklar\u0131 i\u00e7indeki baz\u0131 \u0130srail d\u00fc\u015fman b\u00f6lgelerinin hedef al\u0131nd\u0131\u011f\u0131n\u0131 duyurdu.<\/p>\n<p style=\"text-align: justify;\">Direni\u015f yapt\u0131\u011f\u0131 a\u00e7\u0131klamada \u015funlar\u0131 s\u00f6yledi: \u2018\u2019Sava\u015f\u00e7\u0131lar\u0131m\u0131z, &#8220;Gazze \u015eeridi&#8217;ndeki kararl\u0131 Filistin halk\u0131m\u0131za, onlar\u0131n cesur ve \u015fanl\u0131 direni\u015fine destek ve d\u00fc\u015fman \u0130srail\u2019in Deyir Kanun Ras\u0131leyn kasabas\u0131nda d\u00fcn ger\u00e7ekle\u015ftirdi\u011fi suikasta yan\u0131t olarak&#8221; Catun&#8217;daki 146. T\u00fcmen kararg\u00e2h\u0131n\u0131 Katyu\u015fa roketleriyle bombalad\u0131.&#8221;<\/p>\n<p style=\"text-align: justify;\">Direni\u015f, di\u011fer a\u00e7\u0131klamalar\u0131nda ise sava\u015f\u00e7\u0131lar\u0131n\u0131n Cel el Alam sahas\u0131ndaki \u0130srail casus te\u00e7hizat\u0131n\u0131 uygun silahlarla hedef ald\u0131\u011f\u0131n\u0131, bunun da f\u00fcze silahlar\u0131yla Marj sahas\u0131n\u0131 hedef ald\u0131\u011f\u0131n\u0131 ve do\u011frudan vurdu\u011funu duyurdu.<\/p>\n<p style=\"text-align: center;\"><strong><a href=\"https:\/\/t.me\/SuriyeArapHaberAjansI\">Telegram Kanal\u0131m\u0131z\u00a0<\/a>||<a href=\"https:\/\/twitter.com\/arap_ajans\">X Platformumuz\u00a0<\/a>||<a href=\"https:\/\/www.facebook.com\/SANAHaberAjansi\/\">Facebook Sayfam\u0131z<\/a><\/strong><\/p>\n","protected":false},"excerpt":{"rendered":"<p>BEYRUT (SANA) &#8211;\u00a0 Bug\u00fcn L\u00fcbnan Direni\u015fi, s\u0131n\u0131rdaki ve i\u015fgal alt\u0131ndaki Filistin topraklar\u0131 i\u00e7indeki baz\u0131 \u0130srail d\u00fc\u015fman b\u00f6lgelerinin hedef al\u0131nd\u0131\u011f\u0131n\u0131 duyurdu. Direni\u015f yapt\u0131\u011f\u0131 a\u00e7\u0131klamada \u015funlar\u0131 s\u00f6yledi: \u2018\u2019Sava\u015f\u00e7\u0131lar\u0131m\u0131z, &#8220;Gazze \u015eeridi&#8217;ndeki kararl\u0131 Filistin halk\u0131m\u0131za, onlar\u0131n cesur ve \u015fanl\u0131 direni\u015fine destek ve d\u00fc\u015fman \u0130srail\u2019in Deyir Kanun Ras\u0131leyn kasabas\u0131nda d\u00fcn ger\u00e7ekle\u015ftirdi\u011fi suikasta yan\u0131t olarak&#8221; Catun&#8217;daki 146. T\u00fcmen kararg\u00e2h\u0131n\u0131 Katyu\u015fa roketleriyle &hellip;<\/p>\n","protected":false},"author":41,"featured_media":307057,"comment_status":"closed","ping_status":"closed","sticky":false,"template":"","format":"standard","meta":{"footnotes":""},"categories":[458,459,17988],"tags":[42197],"class_list":["post-307056","post","type-post","status-publish","format-standard","has-post-thumbnail","","category-dunya1","category-haberler-arap-uluslararasi-politika","category-son-haberler","tag-lubnan-direnisi-bir-dizi-israil-dusman-bolgesini-hedef-aldi"],"_links":{"self":[{"href":"https:\/\/archive.sana.sy\/tr\/index.php?rest_route=\/wp\/v2\/posts\/307056","targetHints":{"allow":["GET"]}}],"collection":[{"href":"https:\/\/archive.sana.sy\/tr\/index.php?rest_route=\/wp\/v2\/posts"}],"about":[{"href":"https:\/\/archive.sana.sy\/tr\/index.php?rest_route=\/wp\/v2\/types\/post"}],"author":[{"embeddable":true,"href":"https:\/\/archive.sana.sy\/tr\/index.php?rest_route=\/wp\/v2\/users\/41"}],"replies":[{"embeddable":true,"href":"https:\/\/archive.sana.sy\/tr\/index.php?rest_route=%2Fwp%2Fv2%2Fcomments&post=307056"}],"version-history":[{"count":1,"href":"https:\/\/archive.sana.sy\/tr\/index.php?rest_route=\/wp\/v2\/posts\/307056\/revisions"}],"predecessor-version":[{"id":307058,"href":"https:\/\/archive.sana.sy\/tr\/index.php?rest_route=\/wp\/v2\/posts\/307056\/revisions\/307058"}],"wp:featuredmedia":[{"embeddable":true,"href":"https:\/\/archive.sana.sy\/tr\/index.php?rest_route=\/wp\/v2\/media\/307057"}],"wp:attachment":[{"href":"https:\/\/archive.sana.sy\/tr\/index.php?rest_route=%2Fwp%2Fv2%2Fmedia&parent=307056"}],"wp:term":[{"taxonomy":"category","embeddable":true,"href":"https:\/\/archive.sana.sy\/tr\/index.php?rest_route=%2Fwp%2Fv2%2Fcategories&post=307056"},{"taxonomy":"post_tag","embeddable":true,"href":"https:\/\/archive.sana.sy\/tr\/index.php?rest_route=%2Fwp%2Fv2%2Ftags&post=307056"}],"curies":[{"name":"wp","href":"https:\/\/api.w.org\/{rel}","templated":true}]}}