{"id":307075,"date":"2024-08-20T21:58:50","date_gmt":"2024-08-20T18:58:50","guid":{"rendered":"https:\/\/sana.sy\/tr\/?p=307075"},"modified":"2024-08-23T08:59:29","modified_gmt":"2024-08-23T05:59:29","slug":"belgorod-bryansk-ve-kursku-koruyacak-yeni-rus-askeri-gruplar-kuruldu","status":"publish","type":"post","link":"https:\/\/archive.sana.sy\/tr\/?p=307075","title":{"rendered":"Belgorod, Bryansk Ve Kursk&#8217;u Koruyacak Yeni Rus Askeri Gruplar Kuruldu"},"content":{"rendered":"<p style=\"text-align: justify;\"><strong>MOSKOVA (SANA) &#8211;<\/strong> Rusya Savunma Bakanl\u0131\u011f\u0131 bug\u00fcn, \u00fclkeyi Kiev&#8217;deki rejim g\u00fc\u00e7lerinin sald\u0131r\u0131lar\u0131na kar\u015f\u0131 daha da korumak amac\u0131yla Belgorod, Bryansk ve Kursk vilayetlerinde yeni askeri gruplar\u0131n kuruldu\u011funu duyurdu.<\/p>\n<p style=\"text-align: justify;\">Sputnik haber ajans\u0131n\u0131n aktard\u0131\u011f\u0131na g\u00f6re bakanl\u0131k, S\u0131n\u0131r B\u00f6lgeleri Askeri G\u00fcvenlik Koordinasyon Konseyi toplant\u0131s\u0131 sonras\u0131nda yapt\u0131\u011f\u0131 a\u00e7\u0131klamada \u015funlar\u0131 s\u00f6yledi: Belgorod, Kursk ve Bryansk gruplar\u0131 d\u00fc\u015fman sald\u0131r\u0131lardan korunmaktan sorumludur.\u201d<\/p>\n<p style=\"text-align: justify;\">Bu ba\u011flamda Ulusal Savunma Y\u00f6netim Merkezi Ba\u015fkan Yard\u0131mc\u0131s\u0131 Korgeneral Yuri Kursachev, 6 sorunlu vakan\u0131n \u00e7\u00f6z\u00fcld\u00fc\u011f\u00fcn\u00fc s\u00f6yledi. Kursachev\u2019a g\u00f6re s\u00f6zkonusu vakalar Belgorod\u2019un B\u00f6lgesi&#8217;ne gerekli quadkopterler, benzinli jenerat\u00f6rler, d\u00f6rt \u00e7eker ara\u00e7lar, gece g\u00f6r\u00fc\u015f cihazlar\u0131, d\u00fcrb\u00fcnler ve termal g\u00f6r\u00fcnt\u00fcleme cihazlar\u0131 gibi tedariklerle ilgilidir.<\/p>\n<p style=\"text-align: center;\"><strong><a href=\"https:\/\/t.me\/SuriyeArapHaberAjansI\">Telegram Kanal\u0131m\u0131z\u00a0<\/a>||<a href=\"https:\/\/twitter.com\/arap_ajans\">X Platformumuz\u00a0<\/a>||<a href=\"https:\/\/www.facebook.com\/SANAHaberAjansi\/\">Facebook Sayfam\u0131z<\/a><\/strong><\/p>\n","protected":false},"excerpt":{"rendered":"<p>MOSKOVA (SANA) &#8211; Rusya Savunma Bakanl\u0131\u011f\u0131 bug\u00fcn, \u00fclkeyi Kiev&#8217;deki rejim g\u00fc\u00e7lerinin sald\u0131r\u0131lar\u0131na kar\u015f\u0131 daha da korumak amac\u0131yla Belgorod, Bryansk ve Kursk vilayetlerinde yeni askeri gruplar\u0131n kuruldu\u011funu duyurdu. Sputnik haber ajans\u0131n\u0131n aktard\u0131\u011f\u0131na g\u00f6re bakanl\u0131k, S\u0131n\u0131r B\u00f6lgeleri Askeri G\u00fcvenlik Koordinasyon Konseyi toplant\u0131s\u0131 sonras\u0131nda yapt\u0131\u011f\u0131 a\u00e7\u0131klamada \u015funlar\u0131 s\u00f6yledi: Belgorod, Kursk ve Bryansk gruplar\u0131 d\u00fc\u015fman sald\u0131r\u0131lardan korunmaktan sorumludur.\u201d Bu &hellip;<\/p>\n","protected":false},"author":41,"featured_media":307076,"comment_status":"closed","ping_status":"closed","sticky":false,"template":"","format":"standard","meta":{"footnotes":""},"categories":[458,459,17988],"tags":[39871,42201,42202],"class_list":["post-307075","post","type-post","status-publish","format-standard","has-post-thumbnail","","category-dunya1","category-haberler-arap-uluslararasi-politika","category-son-haberler","tag-belgorod","tag-bryansk-ve-kursku-koruyacak-yeni-rus-askeri-gruplar-kuruldu","tag-sinir-bolgeleri-askeri-guvenlik-koordinasyon-konseyi"],"_links":{"self":[{"href":"https:\/\/archive.sana.sy\/tr\/index.php?rest_route=\/wp\/v2\/posts\/307075","targetHints":{"allow":["GET"]}}],"collection":[{"href":"https:\/\/archive.sana.sy\/tr\/index.php?rest_route=\/wp\/v2\/posts"}],"about":[{"href":"https:\/\/archive.sana.sy\/tr\/index.php?rest_route=\/wp\/v2\/types\/post"}],"author":[{"embeddable":true,"href":"https:\/\/archive.sana.sy\/tr\/index.php?rest_route=\/wp\/v2\/users\/41"}],"replies":[{"embeddable":true,"href":"https:\/\/archive.sana.sy\/tr\/index.php?rest_route=%2Fwp%2Fv2%2Fcomments&post=307075"}],"version-history":[{"count":1,"href":"https:\/\/archive.sana.sy\/tr\/index.php?rest_route=\/wp\/v2\/posts\/307075\/revisions"}],"predecessor-version":[{"id":307077,"href":"https:\/\/archive.sana.sy\/tr\/index.php?rest_route=\/wp\/v2\/posts\/307075\/revisions\/307077"}],"wp:featuredmedia":[{"embeddable":true,"href":"https:\/\/archive.sana.sy\/tr\/index.php?rest_route=\/wp\/v2\/media\/307076"}],"wp:attachment":[{"href":"https:\/\/archive.sana.sy\/tr\/index.php?rest_route=%2Fwp%2Fv2%2Fmedia&parent=307075"}],"wp:term":[{"taxonomy":"category","embeddable":true,"href":"https:\/\/archive.sana.sy\/tr\/index.php?rest_route=%2Fwp%2Fv2%2Fcategories&post=307075"},{"taxonomy":"post_tag","embeddable":true,"href":"https:\/\/archive.sana.sy\/tr\/index.php?rest_route=%2Fwp%2Fv2%2Ftags&post=307075"}],"curies":[{"name":"wp","href":"https:\/\/api.w.org\/{rel}","templated":true}]}}