{"id":307078,"date":"2024-08-20T22:11:15","date_gmt":"2024-08-20T19:11:15","guid":{"rendered":"https:\/\/sana.sy\/tr\/?p=307078"},"modified":"2024-08-23T08:59:29","modified_gmt":"2024-08-23T05:59:29","slug":"putin-rusya-neo-nazilerle-mucadelede-hedeflerine-ulasacak","status":"publish","type":"post","link":"https:\/\/archive.sana.sy\/tr\/?p=307078","title":{"rendered":"Putin: Rusya Neo-Nazilerle M\u00fccadelede Hedeflerine Ula\u015facak"},"content":{"rendered":"<p style=\"text-align: justify;\"><strong>MOSKOVA (SANA)-<\/strong> Rusya Devlet Ba\u015fkan\u0131 Vladimir Putin, \u00fclkesinin ter\u00f6rle m\u00fccadelede hedeflerine ula\u015ft\u0131\u011f\u0131 gibi neo-Nazilerle m\u00fccadelede de hedeflerine ula\u015faca\u011f\u0131n\u0131 ve su\u00e7lular\u0131 cezaland\u0131raca\u011f\u0131n\u0131 vurgulad\u0131.<\/p>\n<p style=\"text-align: justify;\">Russia Today, Putin&#8217;in Kuzey Osetya Cumhuriyeti&#8217;ndeki \u201cBeslan Anneleri\u201d derne\u011finin temsilcileriyle yapt\u0131\u011f\u0131 g\u00f6r\u00fc\u015fmede \u015funlar\u0131 s\u00f6yledi\u011fini aktard\u0131: \u201cBug\u00fcn Kursk b\u00f6lgesinde, Donbass&#8217;ta ve Rusya&#8217;n\u0131n yeni b\u00f6lgelerinde su\u00e7 i\u015fleyenlerle m\u00fccadele etmeliyiz, ter\u00f6rle m\u00fccadelede hedeflerimize nas\u0131l ula\u015ft\u0131ysak, Neo-Nazizmle m\u00fccadelede de bu hedeflerimize ula\u015faca\u011f\u0131z ve su\u00e7lular\u0131 mutlaka cezaland\u0131raca\u011f\u0131z.\u201d<\/p>\n<p style=\"text-align: justify;\">Yurt d\u0131\u015f\u0131ndaki ter\u00f6ristlere yard\u0131m edilmesi konusunda da \u015f\u00f6yle konu\u015ftu: &#8220;Ahlak\u0131 olmayan, sadece kendi \u00e7\u0131karlar\u0131 olan bu insanlar\u0131n orada ne yapt\u0131\u011f\u0131n\u0131 g\u00f6r\u00fcyoruz. Bunu onlarca y\u0131ld\u0131r biliyoruz ama al\u0131\u015fmak m\u00fcmk\u00fcn de\u011fil.&#8221;<\/p>\n<p style=\"text-align: justify;\">Bu y\u0131l\u0131n eyl\u00fcl ay\u0131, 2004 y\u0131l\u0131 Eyl\u00fcl ay\u0131nda ter\u00f6ristlerin Beslan kentindeki 1 No&#8217;lu Okulda e\u011fitim-\u00f6\u011fretim y\u0131l\u0131n\u0131n ba\u015flang\u0131c\u0131n\u0131 kutlarken 1.200&#8217;den fazla ki\u015fiyi rehin ald\u0131\u011f\u0131 Beslan trajedisinin 20. y\u0131ld\u00f6n\u00fcm\u00fcn\u00fc rastl\u0131yordur.<\/p>\n<p style=\"text-align: center;\"><strong><a href=\"https:\/\/t.me\/SuriyeArapHaberAjansI\">Telegram Kanal\u0131m\u0131z\u00a0<\/a>||<a href=\"https:\/\/twitter.com\/arap_ajans\">X Platformumuz\u00a0<\/a>||<a href=\"https:\/\/www.facebook.com\/SANAHaberAjansi\/\">Facebook Sayfam\u0131z<\/a><\/strong><\/p>\n","protected":false},"excerpt":{"rendered":"<p>MOSKOVA (SANA)- Rusya Devlet Ba\u015fkan\u0131 Vladimir Putin, \u00fclkesinin ter\u00f6rle m\u00fccadelede hedeflerine ula\u015ft\u0131\u011f\u0131 gibi neo-Nazilerle m\u00fccadelede de hedeflerine ula\u015faca\u011f\u0131n\u0131 ve su\u00e7lular\u0131 cezaland\u0131raca\u011f\u0131n\u0131 vurgulad\u0131. Russia Today, Putin&#8217;in Kuzey Osetya Cumhuriyeti&#8217;ndeki \u201cBeslan Anneleri\u201d derne\u011finin temsilcileriyle yapt\u0131\u011f\u0131 g\u00f6r\u00fc\u015fmede \u015funlar\u0131 s\u00f6yledi\u011fini aktard\u0131: \u201cBug\u00fcn Kursk b\u00f6lgesinde, Donbass&#8217;ta ve Rusya&#8217;n\u0131n yeni b\u00f6lgelerinde su\u00e7 i\u015fleyenlerle m\u00fccadele etmeliyiz, ter\u00f6rle m\u00fccadelede hedeflerimize nas\u0131l ula\u015ft\u0131ysak, Neo-Nazizmle &hellip;<\/p>\n","protected":false},"author":41,"featured_media":307079,"comment_status":"closed","ping_status":"closed","sticky":false,"template":"","format":"standard","meta":{"footnotes":""},"categories":[458,459,17988],"tags":[42205,42204,42203],"class_list":["post-307078","post","type-post","status-publish","format-standard","has-post-thumbnail","","category-dunya1","category-haberler-arap-uluslararasi-politika","category-son-haberler","tag-beslan-trajedisi","tag-kuzey-osetya-cumhuriyeti","tag-putin-rusya-neo-nazilerle-mucadelede-hedeflerine-ulasacak"],"_links":{"self":[{"href":"https:\/\/archive.sana.sy\/tr\/index.php?rest_route=\/wp\/v2\/posts\/307078","targetHints":{"allow":["GET"]}}],"collection":[{"href":"https:\/\/archive.sana.sy\/tr\/index.php?rest_route=\/wp\/v2\/posts"}],"about":[{"href":"https:\/\/archive.sana.sy\/tr\/index.php?rest_route=\/wp\/v2\/types\/post"}],"author":[{"embeddable":true,"href":"https:\/\/archive.sana.sy\/tr\/index.php?rest_route=\/wp\/v2\/users\/41"}],"replies":[{"embeddable":true,"href":"https:\/\/archive.sana.sy\/tr\/index.php?rest_route=%2Fwp%2Fv2%2Fcomments&post=307078"}],"version-history":[{"count":1,"href":"https:\/\/archive.sana.sy\/tr\/index.php?rest_route=\/wp\/v2\/posts\/307078\/revisions"}],"predecessor-version":[{"id":307080,"href":"https:\/\/archive.sana.sy\/tr\/index.php?rest_route=\/wp\/v2\/posts\/307078\/revisions\/307080"}],"wp:featuredmedia":[{"embeddable":true,"href":"https:\/\/archive.sana.sy\/tr\/index.php?rest_route=\/wp\/v2\/media\/307079"}],"wp:attachment":[{"href":"https:\/\/archive.sana.sy\/tr\/index.php?rest_route=%2Fwp%2Fv2%2Fmedia&parent=307078"}],"wp:term":[{"taxonomy":"category","embeddable":true,"href":"https:\/\/archive.sana.sy\/tr\/index.php?rest_route=%2Fwp%2Fv2%2Fcategories&post=307078"},{"taxonomy":"post_tag","embeddable":true,"href":"https:\/\/archive.sana.sy\/tr\/index.php?rest_route=%2Fwp%2Fv2%2Ftags&post=307078"}],"curies":[{"name":"wp","href":"https:\/\/api.w.org\/{rel}","templated":true}]}}