{"id":307102,"date":"2024-08-21T13:39:43","date_gmt":"2024-08-21T10:39:43","guid":{"rendered":"https:\/\/sana.sy\/tr\/?p=307102"},"modified":"2024-08-21T13:44:13","modified_gmt":"2024-08-21T10:44:13","slug":"sana-muhabiri-yarin-tum-uyeler-icin-anayasa-yemini-edilmesi-ve-konsey-burosu-baskan-ve-uyelerinin-seciminin-tamamlanmasi-amaciyla-halk-meclisindeki-ilk-ozel-oturum-calismalarina-devam-edilecek","status":"publish","type":"post","link":"https:\/\/archive.sana.sy\/tr\/?p=307102","title":{"rendered":"SANA muhabiri: Yar\u0131n, t\u00fcm \u00fcyeler i\u00e7in anayasa yemini edilmesi ve Konsey b\u00fcrosu ba\u015fkan ve \u00fcyelerinin se\u00e7iminin tamamlanmas\u0131 amac\u0131yla Halk Meclisi&#8217;ndeki ilk \u00f6zel oturum \u00e7al\u0131\u015fmalar\u0131na devam edilecek."},"content":{"rendered":"<p>SANA muhabiri: Yar\u0131n, t\u00fcm \u00fcyeler i\u00e7in anayasa yemini edilmesi ve Konsey b\u00fcrosu ba\u015fkan ve \u00fcyelerinin se\u00e7iminin tamamlanmas\u0131 amac\u0131yla Halk Meclisi&#8217;ndeki ilk \u00f6zel oturum \u00e7al\u0131\u015fmalar\u0131na devam edilecek.<\/p>\n","protected":false},"excerpt":{"rendered":"<p>SANA muhabiri: Yar\u0131n, t\u00fcm \u00fcyeler i\u00e7in anayasa yemini edilmesi ve Konsey b\u00fcrosu ba\u015fkan ve \u00fcyelerinin se\u00e7iminin tamamlanmas\u0131 amac\u0131yla Halk Meclisi&#8217;ndeki ilk \u00f6zel oturum \u00e7al\u0131\u015fmalar\u0131na devam edilecek.<\/p>\n","protected":false},"author":36,"featured_media":0,"comment_status":"closed","ping_status":"closed","sticky":false,"template":"","format":"standard","meta":{"footnotes":""},"categories":[1],"tags":[],"class_list":["post-307102","post","type-post","status-publish","format-standard","","category-news-not-sorted"],"_links":{"self":[{"href":"https:\/\/archive.sana.sy\/tr\/index.php?rest_route=\/wp\/v2\/posts\/307102","targetHints":{"allow":["GET"]}}],"collection":[{"href":"https:\/\/archive.sana.sy\/tr\/index.php?rest_route=\/wp\/v2\/posts"}],"about":[{"href":"https:\/\/archive.sana.sy\/tr\/index.php?rest_route=\/wp\/v2\/types\/post"}],"author":[{"embeddable":true,"href":"https:\/\/archive.sana.sy\/tr\/index.php?rest_route=\/wp\/v2\/users\/36"}],"replies":[{"embeddable":true,"href":"https:\/\/archive.sana.sy\/tr\/index.php?rest_route=%2Fwp%2Fv2%2Fcomments&post=307102"}],"version-history":[{"count":1,"href":"https:\/\/archive.sana.sy\/tr\/index.php?rest_route=\/wp\/v2\/posts\/307102\/revisions"}],"predecessor-version":[{"id":307103,"href":"https:\/\/archive.sana.sy\/tr\/index.php?rest_route=\/wp\/v2\/posts\/307102\/revisions\/307103"}],"wp:attachment":[{"href":"https:\/\/archive.sana.sy\/tr\/index.php?rest_route=%2Fwp%2Fv2%2Fmedia&parent=307102"}],"wp:term":[{"taxonomy":"category","embeddable":true,"href":"https:\/\/archive.sana.sy\/tr\/index.php?rest_route=%2Fwp%2Fv2%2Fcategories&post=307102"},{"taxonomy":"post_tag","embeddable":true,"href":"https:\/\/archive.sana.sy\/tr\/index.php?rest_route=%2Fwp%2Fv2%2Ftags&post=307102"}],"curies":[{"name":"wp","href":"https:\/\/api.w.org\/{rel}","templated":true}]}}