{"id":307107,"date":"2024-08-21T15:45:20","date_gmt":"2024-08-21T12:45:20","guid":{"rendered":"https:\/\/sana.sy\/tr\/?p=307107"},"modified":"2024-08-23T08:59:56","modified_gmt":"2024-08-23T05:59:56","slug":"rusya-ve-cin-yatirim-isbirligi-plani-imzaladi","status":"publish","type":"post","link":"https:\/\/archive.sana.sy\/tr\/?p=307107","title":{"rendered":"Rusya Ve \u00c7in Yat\u0131r\u0131m \u0130\u015fbirli\u011fi Plan\u0131 \u0130mzalad\u0131"},"content":{"rendered":"<p style=\"text-align: justify;\"><strong>MOSKOVA (SANA)<\/strong> &#8211; Rusya ve \u00c7in, iki \u00fclke h\u00fck\u00fcmet ba\u015fkanlar\u0131n\u0131n Moskova&#8217;da yapt\u0131\u011f\u0131 toplant\u0131 sonras\u0131nda ikili bir yat\u0131r\u0131m i\u015fbirli\u011fi plan\u0131 imzalad\u0131.<\/p>\n<p style=\"text-align: justify;\">RT&#8217;nin internet sitesine g\u00f6re, Rusya Ba\u015fbakan\u0131 Mikhail Mi\u015fustin ve \u00c7in Ba\u015fbakan\u0131 Li Qiang, bug\u00fcn Rusya&#8217;n\u0131n ba\u015fkentinde Rusya-\u00c7in Ortak H\u00fck\u00fcmet Komitesi&#8217;nin 29. ola\u011fan toplant\u0131s\u0131n\u0131 ger\u00e7ekle\u015ftirdi.<\/p>\n<p style=\"text-align: justify;\">Toplant\u0131n\u0131n sonunda, Rusya ve \u00c7in Ula\u015ft\u0131rma Bakanl\u0131klar\u0131 aras\u0131nda, mallar\u0131n s\u0131n\u0131r \u00f6tesine ta\u015f\u0131nmas\u0131nda otomatik ara\u00e7lar\u0131n kullan\u0131m\u0131n\u0131n te\u015fvik edilmesi konusunda bir yat\u0131r\u0131m i\u015fbirli\u011fi plan\u0131 ve mutabakat zapt\u0131 imzaland\u0131.<\/p>\n<p><strong><a href=\"https:\/\/t.me\/SuriyeArapHaberAjansI\">Telegram Kanal\u0131m\u0131z\u00a0<\/a>||<a href=\"https:\/\/twitter.com\/arap_ajans\">X Platformumuz\u00a0<\/a>||<a href=\"https:\/\/www.facebook.com\/SANAHaberAjansi\/\">Facebook Sayfam\u0131z<\/a><\/strong><\/p>\n","protected":false},"excerpt":{"rendered":"<p>MOSKOVA (SANA) &#8211; Rusya ve \u00c7in, iki \u00fclke h\u00fck\u00fcmet ba\u015fkanlar\u0131n\u0131n Moskova&#8217;da yapt\u0131\u011f\u0131 toplant\u0131 sonras\u0131nda ikili bir yat\u0131r\u0131m i\u015fbirli\u011fi plan\u0131 imzalad\u0131. RT&#8217;nin internet sitesine g\u00f6re, Rusya Ba\u015fbakan\u0131 Mikhail Mi\u015fustin ve \u00c7in Ba\u015fbakan\u0131 Li Qiang, bug\u00fcn Rusya&#8217;n\u0131n ba\u015fkentinde Rusya-\u00c7in Ortak H\u00fck\u00fcmet Komitesi&#8217;nin 29. ola\u011fan toplant\u0131s\u0131n\u0131 ger\u00e7ekle\u015ftirdi. Toplant\u0131n\u0131n sonunda, Rusya ve \u00c7in Ula\u015ft\u0131rma Bakanl\u0131klar\u0131 aras\u0131nda, mallar\u0131n s\u0131n\u0131r \u00f6tesine &hellip;<\/p>\n","protected":false},"author":41,"featured_media":307108,"comment_status":"closed","ping_status":"closed","sticky":false,"template":"","format":"standard","meta":{"footnotes":""},"categories":[458,459,17988],"tags":[42207],"class_list":["post-307107","post","type-post","status-publish","format-standard","has-post-thumbnail","","category-dunya1","category-haberler-arap-uluslararasi-politika","category-son-haberler","tag-rusya-ve-cin-yatirim-isbirligi-plani-imzaladi"],"_links":{"self":[{"href":"https:\/\/archive.sana.sy\/tr\/index.php?rest_route=\/wp\/v2\/posts\/307107","targetHints":{"allow":["GET"]}}],"collection":[{"href":"https:\/\/archive.sana.sy\/tr\/index.php?rest_route=\/wp\/v2\/posts"}],"about":[{"href":"https:\/\/archive.sana.sy\/tr\/index.php?rest_route=\/wp\/v2\/types\/post"}],"author":[{"embeddable":true,"href":"https:\/\/archive.sana.sy\/tr\/index.php?rest_route=\/wp\/v2\/users\/41"}],"replies":[{"embeddable":true,"href":"https:\/\/archive.sana.sy\/tr\/index.php?rest_route=%2Fwp%2Fv2%2Fcomments&post=307107"}],"version-history":[{"count":1,"href":"https:\/\/archive.sana.sy\/tr\/index.php?rest_route=\/wp\/v2\/posts\/307107\/revisions"}],"predecessor-version":[{"id":307109,"href":"https:\/\/archive.sana.sy\/tr\/index.php?rest_route=\/wp\/v2\/posts\/307107\/revisions\/307109"}],"wp:featuredmedia":[{"embeddable":true,"href":"https:\/\/archive.sana.sy\/tr\/index.php?rest_route=\/wp\/v2\/media\/307108"}],"wp:attachment":[{"href":"https:\/\/archive.sana.sy\/tr\/index.php?rest_route=%2Fwp%2Fv2%2Fmedia&parent=307107"}],"wp:term":[{"taxonomy":"category","embeddable":true,"href":"https:\/\/archive.sana.sy\/tr\/index.php?rest_route=%2Fwp%2Fv2%2Fcategories&post=307107"},{"taxonomy":"post_tag","embeddable":true,"href":"https:\/\/archive.sana.sy\/tr\/index.php?rest_route=%2Fwp%2Fv2%2Ftags&post=307107"}],"curies":[{"name":"wp","href":"https:\/\/api.w.org\/{rel}","templated":true}]}}