{"id":307122,"date":"2024-08-21T11:19:22","date_gmt":"2024-08-21T08:19:22","guid":{"rendered":"https:\/\/sana.sy\/tr\/?p=307122"},"modified":"2024-08-23T08:59:52","modified_gmt":"2024-08-23T05:59:52","slug":"kenaani-dunyayi-siyonist-varliga-karsi-isledigi-suclari-durdurmak-icin-pratik-onlemler-almaya-cagirdi","status":"publish","type":"post","link":"https:\/\/archive.sana.sy\/tr\/?p=307122","title":{"rendered":"Kenaani, D\u00fcnyay\u0131 Siyonist Varl\u0131\u011fa Kar\u015f\u0131 \u0130\u015fledi\u011fi Su\u00e7lar\u0131 Durdurmak \u0130\u00e7in Pratik \u00d6nlemler Almaya \u00c7a\u011f\u0131rd\u0131"},"content":{"rendered":"<p style=\"text-align: justify;\"><strong>TAHRAN (SANA) &#8211;<\/strong>\u00a0 \u0130ran D\u0131\u015fi\u015fleri Bakanl\u0131\u011f\u0131 s\u00f6zc\u00fcs\u00fc Nas\u0131r Kenaani bug\u00fcn, \u00fclkesinin Gazze \u015eeridi&#8217;ndeki soyk\u0131r\u0131m su\u00e7lar\u0131n\u0131n devam\u0131n\u0131 k\u0131nad\u0131\u011f\u0131n\u0131 yineleyerek, d\u00fcnya \u00fclkelerine Siyonist yap\u0131ya kar\u015f\u0131 Filistin halk\u0131na kar\u015f\u0131 i\u015flenen su\u00e7lar\u0131 durdurmalar\u0131 i\u00e7in pratik \u00f6nlemler alma \u00e7a\u011fr\u0131s\u0131nda bulundu.<\/p>\n<p style=\"text-align: justify;\">IRNA, Kanaani&#8217;nin X platformunda \u015funlar\u0131 s\u00f6yledi\u011fini aktard\u0131: &#8220;Siyonist varl\u0131\u011f\u0131n Mescid-i Aksa&#8217;ya defalarca d\u00fczenledi\u011fi sald\u0131r\u0131lar\u0131, mazlum Filistin halk\u0131na y\u00f6nelik devam eden vah\u015fi soyk\u0131r\u0131m\u0131 ve Siyonistlerin Gazze \u015eeridi&#8217;nde ger\u00e7ekle\u015ftirdi\u011fi korkun\u00e7 y\u0131k\u0131m\u0131 \u015fiddetle k\u0131n\u0131yor ve d\u00fcnyay\u0131 \u0130srail apartheid varl\u0131\u011f\u0131na kar\u015f\u0131 pratik, acil ve etkili \u00f6nlemler almaya \u00e7a\u011f\u0131r\u0131yoruz.\u201d<\/p>\n<p style=\"text-align: center;\"><strong><a href=\"https:\/\/t.me\/SuriyeArapHaberAjansI\">Telegram Kanal\u0131m\u0131z\u00a0<\/a>||<a href=\"https:\/\/twitter.com\/arap_ajans\">X Platformumuz\u00a0<\/a>||<a href=\"https:\/\/www.facebook.com\/SANAHaberAjansi\/\">Facebook Sayfam\u0131z<\/a><\/strong><\/p>\n","protected":false},"excerpt":{"rendered":"<p>TAHRAN (SANA) &#8211;\u00a0 \u0130ran D\u0131\u015fi\u015fleri Bakanl\u0131\u011f\u0131 s\u00f6zc\u00fcs\u00fc Nas\u0131r Kenaani bug\u00fcn, \u00fclkesinin Gazze \u015eeridi&#8217;ndeki soyk\u0131r\u0131m su\u00e7lar\u0131n\u0131n devam\u0131n\u0131 k\u0131nad\u0131\u011f\u0131n\u0131 yineleyerek, d\u00fcnya \u00fclkelerine Siyonist yap\u0131ya kar\u015f\u0131 Filistin halk\u0131na kar\u015f\u0131 i\u015flenen su\u00e7lar\u0131 durdurmalar\u0131 i\u00e7in pratik \u00f6nlemler alma \u00e7a\u011fr\u0131s\u0131nda bulundu. IRNA, Kanaani&#8217;nin X platformunda \u015funlar\u0131 s\u00f6yledi\u011fini aktard\u0131: &#8220;Siyonist varl\u0131\u011f\u0131n Mescid-i Aksa&#8217;ya defalarca d\u00fczenledi\u011fi sald\u0131r\u0131lar\u0131, mazlum Filistin halk\u0131na y\u00f6nelik devam eden &hellip;<\/p>\n","protected":false},"author":41,"featured_media":307123,"comment_status":"closed","ping_status":"closed","sticky":false,"template":"","format":"standard","meta":{"footnotes":""},"categories":[458,459,17988],"tags":[42209,40511],"class_list":["post-307122","post","type-post","status-publish","format-standard","has-post-thumbnail","","category-dunya1","category-haberler-arap-uluslararasi-politika","category-son-haberler","tag-dunyayi-siyonist-varliga-karsi-isledigi-suclari-durdurmak-icin-pratik-onlemler-almaya-cagirdi","tag-kenaani"],"_links":{"self":[{"href":"https:\/\/archive.sana.sy\/tr\/index.php?rest_route=\/wp\/v2\/posts\/307122","targetHints":{"allow":["GET"]}}],"collection":[{"href":"https:\/\/archive.sana.sy\/tr\/index.php?rest_route=\/wp\/v2\/posts"}],"about":[{"href":"https:\/\/archive.sana.sy\/tr\/index.php?rest_route=\/wp\/v2\/types\/post"}],"author":[{"embeddable":true,"href":"https:\/\/archive.sana.sy\/tr\/index.php?rest_route=\/wp\/v2\/users\/41"}],"replies":[{"embeddable":true,"href":"https:\/\/archive.sana.sy\/tr\/index.php?rest_route=%2Fwp%2Fv2%2Fcomments&post=307122"}],"version-history":[{"count":1,"href":"https:\/\/archive.sana.sy\/tr\/index.php?rest_route=\/wp\/v2\/posts\/307122\/revisions"}],"predecessor-version":[{"id":307124,"href":"https:\/\/archive.sana.sy\/tr\/index.php?rest_route=\/wp\/v2\/posts\/307122\/revisions\/307124"}],"wp:featuredmedia":[{"embeddable":true,"href":"https:\/\/archive.sana.sy\/tr\/index.php?rest_route=\/wp\/v2\/media\/307123"}],"wp:attachment":[{"href":"https:\/\/archive.sana.sy\/tr\/index.php?rest_route=%2Fwp%2Fv2%2Fmedia&parent=307122"}],"wp:term":[{"taxonomy":"category","embeddable":true,"href":"https:\/\/archive.sana.sy\/tr\/index.php?rest_route=%2Fwp%2Fv2%2Fcategories&post=307122"},{"taxonomy":"post_tag","embeddable":true,"href":"https:\/\/archive.sana.sy\/tr\/index.php?rest_route=%2Fwp%2Fv2%2Ftags&post=307122"}],"curies":[{"name":"wp","href":"https:\/\/api.w.org\/{rel}","templated":true}]}}