{"id":307138,"date":"2024-08-22T11:21:20","date_gmt":"2024-08-22T08:21:20","guid":{"rendered":"https:\/\/sana.sy\/tr\/?p=307138"},"modified":"2024-08-27T11:46:24","modified_gmt":"2024-08-27T08:46:24","slug":"halk-meclisi-4-yasama-doneminin-ilk-ozel-oturumunun-acilis-oturumuna-devam-ediyor","status":"publish","type":"post","link":"https:\/\/archive.sana.sy\/tr\/?p=307138","title":{"rendered":"Sabba\u011f: Bina ve Yeniden Yap\u0131lanmay\u0131 Tamamlamak \u0130\u00e7in Yeni Bir \u0130lerleme A\u015famas\u0131nda \u00d6n\u00fcm\u00fczde Nitel G\u00f6revlerimiz Vard\u0131r"},"content":{"rendered":"<p style=\"text-align: justify;\"><strong>\u015eAM (SANA) \u2013\u00a0 <\/strong>Hammuda Sabba\u011f, bug\u00fcn \u00e7al\u0131\u015fmalar\u0131na yeniden ba\u015flayan d\u00f6rd\u00fcnc\u00fc yasama d\u00f6neminin ilk \u00f6zel oturumunun a\u00e7\u0131l\u0131\u015f oturumunda tavsiye yoluyla Halk Meclisi ba\u015fkanl\u0131\u011f\u0131n\u0131 kazand\u0131.<\/p>\n<p style=\"text-align: justify;\"><img loading=\"lazy\" decoding=\"async\" class=\"size-full wp-image-307152 alignright\" src=\"http:\/\/sana.sy\/tr\/wp-content\/uploads\/2024\/08\/MHM_6426-300x200-2.jpg\" alt=\"\" width=\"300\" height=\"200\" \/>Mahir Haccar, Halk Meclisi Ba\u015fkan Yard\u0131mc\u0131s\u0131 olarak tavsiye yoluyla kazan\u0131rken, Muhammad Sair El Cevahiri ve Fevvaz Manna, Meclis ofisindeki sekreterlik koltuklar\u0131n\u0131 kazand\u0131. Eymen Ahmed ve Cemal S\u00fcleyman ise, meclis ofisindeki g\u00f6zlemci koltuklar\u0131n\u0131 kazand\u0131.<\/p>\n<p style=\"text-align: justify;\">Sabba\u011f, meclis \u00f6n\u00fcnde yapt\u0131\u011f\u0131 konu\u015fmada, meclis \u00fcyelerinin, gururlu Suriye halk\u0131n\u0131n umutlar\u0131na ve \u00f6zlemlerine uygun ya\u015famalar\u0131 ve kalk\u0131nma yolunda s\u00fcrekli ilerlemeye katk\u0131da bulunacak \u015fekilde yorulmak bilmeden \u00e7al\u0131\u015ft\u0131klar\u0131n\u0131 vurgularken, Sava\u015flar ve haks\u0131z ku\u015fatmalar kar\u015f\u0131s\u0131nda g\u00f6sterilen efsanevi kararl\u0131l\u0131\u011f\u0131n ard\u0131ndan, ulusal m\u00fccadele yolunda \u00f6nceki a\u015famalar\u0131n devam\u0131 olan yeni bir ilerleme a\u015famas\u0131nda Konseyin belirli g\u00f6revlerle kar\u015f\u0131 kar\u015f\u0131ya oldu\u011funa i\u015faret etti.<\/p>\n<p style=\"text-align: justify;\">Meclis Ba\u015fkan\u0131 ay\u0131ca, Halk\u0131n ve milletin \u00e7\u0131karlar\u0131na, anayasaya, kanun ve y\u00f6netmeliklere, Konsey t\u00fcz\u00fc\u011f\u00fcne tam ba\u011fl\u0131l\u0131\u011f\u0131n, halk\u0131n ihtiya\u00e7lar\u0131n\u0131n kar\u015f\u0131lanmas\u0131na cevap vermede temel kriter olaca\u011f\u0131n\u0131 kaydetti.<\/p>\n<p style=\"text-align: justify;\">Sabba\u011f konu\u015fmas\u0131nda, sad\u0131k Suriye halk\u0131na sayg\u0131 ve takdir selam\u0131, vatan\u0131n duvar\u0131 ve a\u015f\u0131lmaz \u00e7iti olan Suriye Arap Ordusu askerlerine ise gurur ve \u015feref selam\u0131 iletirken de, Cumhurba\u015fkan\u0131 Be\u015f\u015far Esad&#8217;a en y\u00fcksek ba\u011fl\u0131l\u0131k ve aidiyet ifadelerini dile getirdi.<\/p>\n<div id='gallery-1' class='gallery galleryid-307138 gallery-columns-1 gallery-size-full'><figure class='gallery-item'>\n\t\t\t<div class='gallery-icon landscape'>\n\t\t\t\t<a href='https:\/\/archive.sana.sy\/tr\/?attachment_id=307153'><img loading=\"lazy\" decoding=\"async\" width=\"660\" height=\"417\" src=\"https:\/\/archive.sana.sy\/tr\/wp-content\/uploads\/2024\/08\/MHM_6435.jpg\" class=\"attachment-full size-full\" alt=\"\" srcset=\"https:\/\/archive.sana.sy\/tr\/wp-content\/uploads\/2024\/08\/MHM_6435.jpg 660w, https:\/\/archive.sana.sy\/tr\/wp-content\/uploads\/2024\/08\/MHM_6435-300x190.jpg 300w\" sizes=\"auto, (max-width: 660px) 100vw, 660px\" \/><\/a>\n\t\t\t<\/div><\/figure>\n\t\t<\/div>\n\n<p style=\"text-align: center;\"><strong style=\"text-align: center;\"><a href=\"https:\/\/t.me\/SuriyeArapHaberAjansI\">Telegram Kanal\u0131m\u0131z\u00a0<\/a>||<a href=\"https:\/\/twitter.com\/arap_ajans\">X Platformumuz\u00a0<\/a>||<a href=\"https:\/\/www.facebook.com\/SANAHaberAjansi\/\">Facebook Sayfam\u0131z<\/a><\/strong><\/p>\n","protected":false},"excerpt":{"rendered":"<p>\u015eAM (SANA) \u2013\u00a0 Hammuda Sabba\u011f, bug\u00fcn \u00e7al\u0131\u015fmalar\u0131na yeniden ba\u015flayan d\u00f6rd\u00fcnc\u00fc yasama d\u00f6neminin ilk \u00f6zel oturumunun a\u00e7\u0131l\u0131\u015f oturumunda tavsiye yoluyla Halk Meclisi ba\u015fkanl\u0131\u011f\u0131n\u0131 kazand\u0131. Mahir Haccar, Halk Meclisi Ba\u015fkan Yard\u0131mc\u0131s\u0131 olarak tavsiye yoluyla kazan\u0131rken, Muhammad Sair El Cevahiri ve Fevvaz Manna, Meclis ofisindeki sekreterlik koltuklar\u0131n\u0131 kazand\u0131. Eymen Ahmed ve Cemal S\u00fcleyman ise, meclis ofisindeki g\u00f6zlemci koltuklar\u0131n\u0131 &hellip;<\/p>\n","protected":false},"author":36,"featured_media":307183,"comment_status":"closed","ping_status":"closed","sticky":false,"template":"","format":"standard","meta":{"footnotes":""},"categories":[479,17988,478],"tags":[],"class_list":["post-307138","post","type-post","status-publish","format-standard","has-post-thumbnail","","category-haberler-yerel","category-son-haberler","category-yerel"],"_links":{"self":[{"href":"https:\/\/archive.sana.sy\/tr\/index.php?rest_route=\/wp\/v2\/posts\/307138","targetHints":{"allow":["GET"]}}],"collection":[{"href":"https:\/\/archive.sana.sy\/tr\/index.php?rest_route=\/wp\/v2\/posts"}],"about":[{"href":"https:\/\/archive.sana.sy\/tr\/index.php?rest_route=\/wp\/v2\/types\/post"}],"author":[{"embeddable":true,"href":"https:\/\/archive.sana.sy\/tr\/index.php?rest_route=\/wp\/v2\/users\/36"}],"replies":[{"embeddable":true,"href":"https:\/\/archive.sana.sy\/tr\/index.php?rest_route=%2Fwp%2Fv2%2Fcomments&post=307138"}],"version-history":[{"count":11,"href":"https:\/\/archive.sana.sy\/tr\/index.php?rest_route=\/wp\/v2\/posts\/307138\/revisions"}],"predecessor-version":[{"id":307192,"href":"https:\/\/archive.sana.sy\/tr\/index.php?rest_route=\/wp\/v2\/posts\/307138\/revisions\/307192"}],"wp:featuredmedia":[{"embeddable":true,"href":"https:\/\/archive.sana.sy\/tr\/index.php?rest_route=\/wp\/v2\/media\/307183"}],"wp:attachment":[{"href":"https:\/\/archive.sana.sy\/tr\/index.php?rest_route=%2Fwp%2Fv2%2Fmedia&parent=307138"}],"wp:term":[{"taxonomy":"category","embeddable":true,"href":"https:\/\/archive.sana.sy\/tr\/index.php?rest_route=%2Fwp%2Fv2%2Fcategories&post=307138"},{"taxonomy":"post_tag","embeddable":true,"href":"https:\/\/archive.sana.sy\/tr\/index.php?rest_route=%2Fwp%2Fv2%2Ftags&post=307138"}],"curies":[{"name":"wp","href":"https:\/\/api.w.org\/{rel}","templated":true}]}}