{"id":30714,"date":"2015-04-23T21:11:19","date_gmt":"2015-04-23T18:11:19","guid":{"rendered":"http:\/\/www.sana.sy\/tr\/?p=30714"},"modified":"2015-04-24T13:05:12","modified_gmt":"2015-04-24T10:05:12","slug":"ihvanci-erdogan-rejimi-destekli-teroristlerin-kayiplari-artiyor","status":"publish","type":"post","link":"https:\/\/archive.sana.sy\/tr\/?p=30714","title":{"rendered":"\u0130hvanc\u0131 Erdo\u011fan Rejimi Destekli Ter\u00f6ristlerin Kay\u0131plar\u0131 Art\u0131yor"},"content":{"rendered":"<p>\u0130LLER \u2013 Kahraman ordu birliklerimizin ter\u00f6rle m\u00fccadelesi s\u00fcr\u00fcyor. D\u0131\u015f destekli tekfiri ter\u00f6ristlerin muhtelif b\u00f6lgelerde ordu birliklerimiz \u00f6n\u00fcnde say\u0131 ve te\u00e7hizat bak\u0131m\u0131ndan da a\u011f\u0131r kay\u0131plar art\u0131yor.<\/p>\n<p><span style=\"color: #0000ff\">\u015eam K\u0131rsal\u0131nda Aralar\u0131nda Saha Komutanlar\u0131n\u0131n Bulundu\u011fu \u00c7ok Say\u0131da Ter\u00f6rist \u00d6ld\u00fcr\u00fcld\u00fc <\/span><\/p>\n<p>SANA muhabiri; ordu birliklerimizin Do\u011fu \u011euta\u2019n\u0131n g\u00fcneyi Zebdin Beldesi \u00e7iftliklerinde ter\u00f6r \u00f6rg\u00fctlerinde saha komutanlar\u0131 Abd\u00fcrrahman el Deyrani ve Salah Sahhur\u2019un aralar\u0131nda bulunduklar\u0131 bir\u00e7ok ter\u00f6ristin \u00f6ld\u00fcrd\u00fcklerini ifade etti.<\/p>\n<p>SANA muhabiri; ordu birliklerimizin Duma Kasabas\u0131n\u0131n el Cerra bulvar\u0131 civar\u0131na ilaveten Cobar Semtinin muhtelif b\u00f6lgelerinde ter\u00f6ristlerin yuva ve k\u00fcmelenme yerlerini hedef alarak \u00e7ok say\u0131da ter\u00f6risti \u00f6l\u00fc ve yaral\u0131 d\u00fc\u015f\u00fcrd\u00fcklerini belirtti.<\/p>\n<p>Heresta\u2019da ise ter\u00f6ristlere ait h\u00fccre ve karargahlar\u0131n\u0131 hedef alan ordu birliklerimiz \u2018 Mahmut el Mdellel\u2019 ve \u2018Ebu Mur\u015fit\u2019 kod ad\u0131yla bilinen bir ter\u00f6r saha komutan\u0131n\u0131 \u00f6ld\u00fcrd\u00fc.<\/p>\n<p>Bu arada Kalemun\u2019un Kuzeyi Assal el Verd ve el Cubbe beldelerinin da\u011fl\u0131k arazilerinde radikal \u00f6rg\u00fctlere ait bir ara\u00e7 ter\u00f6ristleriyle birlikte imha edildi.<\/p>\n<p><span style=\"color: #0000ff\">Halep Do\u011fu K\u0131rsal\u0131nda Operasyonlar S\u00fcr\u00fcyor.. Onlarca Ter\u00f6rist \u00d6l\u00fc D\u00fc\u015f\u00fcr\u00fcld\u00fc<\/span><\/p>\n<p>Askeri kaynak, ordu birliklerimizin Halep do\u011fu k\u0131rsal\u0131nda, Ayn el Cemacime, Tel Ahmar, Tel el Hutabat, ve Deyr Hafer K\u00f6ylerinde tekfiri ter\u00f6r \u00f6rg\u00fctlere ait h\u00fccre ve toplanma merkezlerine y\u00f6nelik d\u00fczenledikleri ba\u015far\u0131l\u0131 operasyonlar sonucunda\u00a0 T\u00fcrkiye&#8217;deki rejimin destekledi\u011fi ter\u00f6r \u00f6rg\u00fctleri saflar\u0131nda \u00e7ok say\u0131da ter\u00f6risti \u00f6l\u00fc ve yaral\u0131 d\u00fc\u015f\u00fcrd\u00fcklerini aktard\u0131. Kaynak operasyonlarda ter\u00f6ristlere ait ara\u00e7, a\u011f\u0131r silahlar ve cephanenin imha edildi\u011fini s\u00f6zlerine ekledi.<\/p>\n<p>Kaynak, \u015eeyh Ahmet ve \u015eurey\u2019 K\u00f6ylerinde ordu birliklerimizin ter\u00f6ristlerin toplanma merkezlerine y\u00f6nelik d\u00fczenledikleri nitelikli operasyonlar sonucunda da \u00e7ok say\u0131da ter\u00f6ristin \u00f6l\u00fc ve yaral\u0131 d\u00fc\u015f\u00fcr\u00fcld\u00fc\u011f\u00fcn\u00fc ifade etti.<\/p>\n<p>Bu arada ordu birliklerimiz Halep k\u0131rsal\u0131n\u0131n kuzeydo\u011fusundaki Menbic\u2019de Erdo\u011fan rejimi taraf\u0131ndan desteklenen kiral\u0131k ve hain ter\u00f6ristlerin bulundu\u011fu toplanma merkezleri ve karargahlar\u0131 hedef ald\u0131.<\/p>\n<p>Cebrin K\u00f6y\u00fcnde d\u00fczenlenen ba\u015far\u0131l\u0131 operasyonlarda ise tekfiri ter\u00f6r \u00f6rg\u00fctlerden \u00e7ok say\u0131da ter\u00f6rist \u00f6l\u00fc ve yaral\u0131 d\u00fc\u015f\u00fcr\u00fcl\u00fcp ellerinde bulunan silah ve cephane imha edildi.<\/p>\n<p><span style=\"color: #0000ff\">Hama K\u0131rsal\u0131nda Nusra Cephesi Ter\u00f6ristleri \u00d6ld\u00fcr\u00fcld\u00fc<\/span><\/p>\n<p>\u00d6te yandan ordu birliklerimiz Hama k\u0131rsal\u0131 Kuleydin, Kastun, Ebu Ubeylat ve el Ankavi b\u00f6lgelerinde Nusra Cephesi ve \u00e7at\u0131s\u0131 alt\u0131ndaki di\u011fer ter\u00f6r \u00f6rg\u00fctlerden \u00e7ok say\u0131da radikal ve haini \u00f6l\u00fc ve yaral\u0131 d\u00fc\u015f\u00fcrd\u00fc.<\/p>\n<p><span style=\"color: #0000ff\">Kunaytra K\u0131rsal\u0131nda Nusra Karargahlar\u0131 ve Ara\u00e7lar\u0131 \u0130mha Edildi<\/span><\/p>\n<p>Kunaytra k\u0131rsal\u0131n\u0131n muhtelif b\u00f6lgelerinde i\u015fgalci \u0130srail ve \u00dcrd\u00fcn rejiminin destekledikleri tekfirci \u00e7etelere kar\u015f\u0131 operasyonlar\u0131n\u0131 s\u00fcrd\u00fcren ordu birliklerimiz Ruveyhne ve Nebi el Sahr b\u00f6lgelerinde Nusra Cephesi ter\u00f6r \u00f6rg\u00fct\u00fcne tabi karargah ve ara\u00e7lar\u0131 y\u00fckleriyle birlikte imha etti.<\/p>\n<p>Ordu birliklerimiz Kunaytra k\u0131rsal\u0131n\u0131n kuzeybat\u0131s\u0131 Rasm el Ravadi, el Baas ve el Riyhaniye b\u00f6lgelerinde ter\u00f6ristlerin yuva ve toplanma yerlerini hedef almalar\u0131yla \u00e7ok say\u0131da ter\u00f6risti \u00f6l\u00fc ve yaral\u0131 d\u00fc\u015f\u00fcrd\u00fc.<\/p>\n<p><span style=\"color: #0000ff\">\u0130dlib K\u0131rsal\u0131nda T\u00fcrkiye Rejimi \u00c7etelerinden Onlarca Ter\u00f6rist \u00d6ld\u00fcr\u00fcld\u00fc<\/span><\/p>\n<p>Bu arada askeri kaynak ordu birliklerimizin \u0130dlib k\u0131rsal\u0131nda T\u00fcrkiye&#8217;deki rejimin deste\u011fi ve y\u00f6nlendirmeleriyle deh\u015fet sa\u00e7an tekfirci ve vatan haini ter\u00f6r \u00e7etelere kar\u015f\u0131 operasyonlar\u0131n ba\u015far\u0131yla s\u00fcrd\u00fc\u011f\u00fcn\u00fc belirtti.<\/p>\n<p>Kaynak ter\u00f6ristlerin Kiremit Fabrikas\u0131 \u00e7evresindeki askeri noktalara y\u00f6nelik\u00a0 sald\u0131r\u0131 giri\u015fimlerinin \u00e7\u00f6kertildi\u011fini, \u00e7etelerin say\u0131 ve te\u00e7hizat bak\u0131m\u0131ndan olduk\u00e7a a\u011f\u0131r kay\u0131plara u\u011frat\u0131ld\u0131klar\u0131n\u0131 belirtti.<\/p>\n<p>Kaynak hava g\u00fc\u00e7lerimizin ayr\u0131ca Kiremit Fabrikas\u0131n\u0131n do\u011fusunda T\u00fcrkiye rejimi \u00e7etelerinin toplanma merkezlerini muhtevalar\u0131yla imha etmeleri sonucunda onlarca ter\u00f6ristin \u00f6l\u00fc ve yaral\u0131 d\u00fc\u015f\u00fcr\u00fcld\u00fc\u011f\u00fcn\u00fc aktard\u0131.<\/p>\n<p>\u0130dlib k\u0131rsal\u0131n\u0131n Kiremit Fabrikas\u0131n\u0131n kuzeyinde tavuk \u00e7iftlikleri b\u00f6lgesinde ter\u00f6ristlerin topland\u0131klar\u0131 bir mevkii hedef alan ordu birliklerimiz y\u00fcksek say\u0131da ter\u00f6risti ara\u00e7 ve cephaneleriyle etkisizle\u015ftirdi.<\/p>\n<p>Ordu birliklerimiz \u0130dlib iline tabi Cisr el \u015eu\u011fur B\u00f6lgesinin Ayn el Savda M\u0131nt\u0131kas\u0131nda ise ter\u00f6ristlerin mevki ve toplanma yerlerini top ate\u015fine tutarak onlarca ter\u00f6risti etkisizle\u015ftirdi.<\/p>\n<p>Hava kuvvetlerimiz \u0130dlib k\u0131rsal\u0131nda Sermin \u2013 Kmeynas ekseninde ter\u00f6rist ve cephane ta\u015f\u0131yan \u00e7ok say\u0131da arac\u0131 y\u00fckleriyle imha etti.<\/p>\n<p><span style=\"color: #0000ff\">Dera K\u0131rsal\u0131nda Onlarca Ter\u00f6rist \u00d6l\u00fc ve Yaral\u0131 D\u00fc\u015f\u00fcr\u00fcld\u00fc<\/span><\/p>\n<p>Askeri kaynak; ordu birliklerimizin Dera k\u0131rsal\u0131 Gezlan \u00c7iftli\u011finde d\u00fc\u015fman \u0130srail\u2019in destek ve y\u00f6nlendirmeleriyle faaliyet g\u00f6steren Nusra Cephesine ait yuva ve h\u00fccreleri imha ederken \u00e7ok say\u0131da ter\u00f6risti \u00f6l\u00fc ve yaral\u0131 d\u00fc\u015f\u00fcrd\u00fcklerini belirtti.<\/p>\n<p><span style=\"color: #0000ff\">Haseke K\u0131rsal\u0131nda I\u015e\u0130D\u2019in Mevkileri Hedef Al\u0131nd\u0131 <\/span><\/p>\n<p>\u00d6te yandan Haseke k\u0131rsal\u0131n\u0131n g\u00fcneydo\u011fusu el Bedran ve Uveyni k\u00f6ylerinde I\u015e\u0130D\u2019in toplanma yerleri ve mevkilerini hedef alan ordu birliklerimiz, onlarca ter\u00f6risti \u00f6l\u00fc ve yaral\u0131 d\u00fc\u015f\u00fcrd\u00fc. Operasyonlarda bir k\u0131sm\u0131 a\u011f\u0131r silahla donat\u0131lm\u0131\u015f bir\u00e7ok ara\u00e7 imha edildi.<\/p>\n<p>Haseke k\u0131rsal\u0131n\u0131n bat\u0131s\u0131 Refraf K\u00f6y\u00fc \u00e7evresinde ise ordu birliklerimiz I\u015e\u0130D\u2019lilerin hareketlenmeleri ve karargahlar\u0131na kar\u015f\u0131 nitelikli operasyonlar\u0131n\u0131 s\u00fcrd\u00fcr\u00fcrken ter\u00f6r \u00f6rg\u00fctleri saflar\u0131nda a\u011f\u0131r kay\u0131plara u\u011fratt\u0131.<\/p>\n<p>Ordu birliklerimiz el Bedran ve Bab el Heyir k\u00f6yleri aras\u0131nda I\u015e\u0130D\u2019e ait a\u011f\u0131r silahla donat\u0131lm\u0131\u015f bir arac\u0131 muhtevalar\u0131yla birlikte imha etti.<\/p>\n<p>A.A. &#8211; M.M. &#8211; R.H.<\/p>\n","protected":false},"excerpt":{"rendered":"<p>\u0130LLER \u2013 Kahraman ordu birliklerimizin ter\u00f6rle m\u00fccadelesi s\u00fcr\u00fcyor. D\u0131\u015f destekli tekfiri ter\u00f6ristlerin muhtelif b\u00f6lgelerde ordu birliklerimiz \u00f6n\u00fcnde say\u0131 ve te\u00e7hizat bak\u0131m\u0131ndan da a\u011f\u0131r kay\u0131plar art\u0131yor. \u015eam K\u0131rsal\u0131nda Aralar\u0131nda Saha Komutanlar\u0131n\u0131n Bulundu\u011fu \u00c7ok Say\u0131da Ter\u00f6rist \u00d6ld\u00fcr\u00fcld\u00fc SANA muhabiri; ordu birliklerimizin Do\u011fu \u011euta\u2019n\u0131n g\u00fcneyi Zebdin Beldesi \u00e7iftliklerinde ter\u00f6r \u00f6rg\u00fctlerinde saha komutanlar\u0131 Abd\u00fcrrahman el Deyrani ve Salah Sahhur\u2019un &hellip;<\/p>\n","protected":false},"author":1,"featured_media":29121,"comment_status":"closed","ping_status":"closed","sticky":false,"template":"","format":"standard","meta":{"footnotes":""},"categories":[575],"tags":[13972],"class_list":["post-30714","post","type-post","status-publish","format-standard","has-post-thumbnail","","category-olaylar-ve-gercekler","tag-ihvanci-erdogan-rejimi-destekli-teroristlerin-kayiplari-artiyor-iller-kahraman-ordu-birliklerimizin-terorle-mucadelesi-suruyor-dis-destekli-tekfiri-teroristlerin-muhtelif-bolgelerde-ordu-bi"],"_links":{"self":[{"href":"https:\/\/archive.sana.sy\/tr\/index.php?rest_route=\/wp\/v2\/posts\/30714","targetHints":{"allow":["GET"]}}],"collection":[{"href":"https:\/\/archive.sana.sy\/tr\/index.php?rest_route=\/wp\/v2\/posts"}],"about":[{"href":"https:\/\/archive.sana.sy\/tr\/index.php?rest_route=\/wp\/v2\/types\/post"}],"author":[{"embeddable":true,"href":"https:\/\/archive.sana.sy\/tr\/index.php?rest_route=\/wp\/v2\/users\/1"}],"replies":[{"embeddable":true,"href":"https:\/\/archive.sana.sy\/tr\/index.php?rest_route=%2Fwp%2Fv2%2Fcomments&post=30714"}],"version-history":[{"count":0,"href":"https:\/\/archive.sana.sy\/tr\/index.php?rest_route=\/wp\/v2\/posts\/30714\/revisions"}],"wp:featuredmedia":[{"embeddable":true,"href":"https:\/\/archive.sana.sy\/tr\/index.php?rest_route=\/wp\/v2\/media\/29121"}],"wp:attachment":[{"href":"https:\/\/archive.sana.sy\/tr\/index.php?rest_route=%2Fwp%2Fv2%2Fmedia&parent=30714"}],"wp:term":[{"taxonomy":"category","embeddable":true,"href":"https:\/\/archive.sana.sy\/tr\/index.php?rest_route=%2Fwp%2Fv2%2Fcategories&post=30714"},{"taxonomy":"post_tag","embeddable":true,"href":"https:\/\/archive.sana.sy\/tr\/index.php?rest_route=%2Fwp%2Fv2%2Ftags&post=30714"}],"curies":[{"name":"wp","href":"https:\/\/api.w.org\/{rel}","templated":true}]}}